{"id":55,"date":"2023-05-18T18:19:39","date_gmt":"2023-05-18T15:19:39","guid":{"rendered":"https:\/\/www.esracelik.com\/de\/?p=55"},"modified":"2023-07-20T17:42:54","modified_gmt":"2023-07-20T14:42:54","slug":"oberlidasthetik","status":"publish","type":"post","link":"https:\/\/www.esracelik.com\/de\/oberlidasthetik\/","title":{"rendered":"Oberlid\u00e4sthetik"},"content":{"rendered":"<p><span style=\"vertical-align: inherit;\"><span style=\"vertical-align: inherit;\">Abh\u00e4ngig von vielen Faktoren verliert die Haut mit der Zeit ihre elastische Struktur und die \u00fcbersch\u00fcssige Haut um die Augen herum beginnt sich an den Augenlidern zu erholen. <\/span><span style=\"vertical-align: inherit;\">Lockerung und Erschlaffung der Augenlider; <\/span><span style=\"vertical-align: inherit;\">verursacht ein altes, m\u00fcdes Aussehen. <\/span><span style=\"vertical-align: inherit;\">Heutzutage geh\u00f6rt die Oberlidstraffung zu den von vielen Menschen bevorzugten \u00e4sthetischen Eingriffen. <\/span><span style=\"vertical-align: inherit;\">Die Oberlid\u00e4sthetik wird eingesetzt, um Tr\u00e4nens\u00e4cke und Farbver\u00e4nderungen unter den Augen, h\u00e4ngende Oberlider, Falten und Erschlaffung der Oberlidhaut, Kr\u00e4henf\u00fc\u00dfe um die Augen und m\u00fcdes Aussehen zu reduzieren.<\/span><\/span><\/p>\n<h2><span style=\"vertical-align: inherit;\"><strong><span style=\"vertical-align: inherit;\">Was <\/span><\/strong><\/span><strong><span style=\"vertical-align: inherit;\"><span style=\"vertical-align: inherit;\">ist <\/span><\/span><\/strong><span style=\"vertical-align: inherit;\"><strong><span style=\"vertical-align: inherit;\">Oberlid\u00e4sthetik <\/span><\/strong><strong><span style=\"vertical-align: inherit;\">?<\/span><\/strong><\/span><\/h2>\n<p><span style=\"vertical-align: inherit;\"><span style=\"vertical-align: inherit;\">Bei der Oberlid\u00e4sthetik handelt es sich um eine \u00e4sthetische Operation, die bei schlaffen, sackartigen, faltigen, h\u00e4ngenden und streifigen Augenbrauen durchgef\u00fchrt wird. Sie wird vor allem bei altersbedingten Schlupflidern durchgef\u00fchrt.<\/span><\/span><\/p>\n<p><span style=\"vertical-align: inherit;\"><span style=\"vertical-align: inherit;\">Von einem h\u00e4ngenden Augenlid spricht man, wenn das Augenlid von der Gegenseite aus betrachtet tiefer als normal ist. <\/span><span style=\"vertical-align: inherit;\">Im fortgeschrittenen Krankheitsverlauf kann es dazu kommen, dass sich die Augen der Patienten so weit verschlie\u00dfen, dass sie ihren Alltag nicht weiterf\u00fchren k\u00f6nnen. <\/span><span style=\"vertical-align: inherit;\">Dar\u00fcber hinaus ist diese Operation wichtig f\u00fcr die \u00e4sthetische Haltung, da Erschlaffungen, Tr\u00e4nens\u00e4cke und Falten um die Augen den Patienten alt und m\u00fcde aussehen lassen.<\/span><\/span><\/p>\n<h3><span style=\"vertical-align: inherit;\"><strong><span style=\"vertical-align: inherit;\">Wie wird <\/span><\/strong><\/span><strong><span style=\"vertical-align: inherit;\"><span style=\"vertical-align: inherit;\">die Oberlid\u00e4sthetik <\/span><\/span><\/strong><span style=\"vertical-align: inherit;\"><strong><span style=\"vertical-align: inherit;\">durchgef\u00fchrt <\/span><\/strong><strong><span style=\"vertical-align: inherit;\">?<\/span><\/strong><\/span><\/h3>\n<p><span style=\"vertical-align: inherit;\"><span style=\"vertical-align: inherit;\">Bei der Oberlid\u00e4sthetik wird \u00fcbersch\u00fcssiges Haut- und Muskelgewebe im Augenbereich abgeschnitten und entfernt. <\/span><span style=\"vertical-align: inherit;\">Um die Operationsnarbe nicht sichtbar zu machen, erfolgt der Schnitt am Augenlid von der Augenfaltenlinie aus. <\/span><span style=\"vertical-align: inherit;\">Damit die \u00e4sthetische Operation des oberen Augenlids die erfolgreichsten Ergebnisse liefert, kann empfohlen werden, sie zusammen mit Anwendungen zur Stirnstraffung und zum Anheben der Augenbrauen durchzuf\u00fchren. <\/span><span style=\"vertical-align: inherit;\">Ziel der Oberlidstraffung ist es, ein junges und lebendiges Aussehen statt eines m\u00fcden und alten Aussehens zu erreichen.<\/span><\/span><\/p>\n<p><span style=\"vertical-align: inherit;\"><span style=\"vertical-align: inherit;\">Die Durchf\u00fchrung der Oberlid\u00e4sthetik in klinischen Umgebungen und unter sterilen Bedingungen ist wie bei allen anderen Operationen wichtig f\u00fcr ein gesundes und erfolgreiches Ergebnis der Operation. <\/span><span style=\"vertical-align: inherit;\">Wenn diese Bedingungen nicht eingehalten werden, kann es zu verschiedenen Gesundheitsproblemen kommen. <\/span><span style=\"vertical-align: inherit;\">Das wichtigste dieser Probleme ist die Infektion. <\/span><span style=\"vertical-align: inherit;\">Bei Operationen, die nicht in einer sterilen Umgebung durchgef\u00fchrt werden, besteht ein hohes Infektionsrisiko.<\/span><\/span><\/p>\n<h3><span style=\"vertical-align: inherit;\"><strong><span style=\"vertical-align: inherit;\">F\u00fcr wen <\/span><\/strong><strong><span style=\"vertical-align: inherit;\">ist <\/span><\/strong><\/span><strong><span style=\"vertical-align: inherit;\"><span style=\"vertical-align: inherit;\">die <\/span><\/span><\/strong><span style=\"vertical-align: inherit;\"><strong><span style=\"vertical-align: inherit;\">Oberlid\u00e4sthetik <\/span><\/strong><strong><span style=\"vertical-align: inherit;\">geeignet <\/span><\/strong><strong><span style=\"vertical-align: inherit;\">?<\/span><\/strong><\/span><\/h3>\n<p><span style=\"vertical-align: inherit;\"><span style=\"vertical-align: inherit;\">Menschen mit Oberlidstraffung sind in der Regel \u00fcber 35 Jahre alt, da das Herabh\u00e4ngen der Augenlider und das Auftreten von Alterserscheinungen normalerweise mit diesem Alter zusammenfallen. Aus medizinischer Sicht kann diese Operation jedoch bei Menschen jeden Alters durchgef\u00fchrt werden. <\/span><span style=\"vertical-align: inherit;\">Es kann auch bei Menschen mit Erschlaffung, Falten, Absackungen und Kr\u00e4henf\u00fc\u00dfen angewendet werden.<\/span><\/span><\/p>\n<h3><span style=\"vertical-align: inherit;\"><strong><span style=\"vertical-align: inherit;\">Wie l\u00e4uft der Vorbereitungsprozess f\u00fcr die <\/span><\/strong><\/span><strong><span style=\"vertical-align: inherit;\"><span style=\"vertical-align: inherit;\">Oberlid\u00e4sthetik <\/span><\/span><\/strong><span style=\"vertical-align: inherit;\"><strong><span style=\"vertical-align: inherit;\">ab <\/span><\/strong><strong><span style=\"vertical-align: inherit;\">?<\/span><\/strong><\/span><\/h3>\n<p><span style=\"vertical-align: inherit;\"><span style=\"vertical-align: inherit;\">Im Vorbereitungsprozess f\u00fcr die Oberlidstraffung sollten Aspirin und Antibiotika unter \u00e4rztlicher Aufsicht abgesetzt werden, um das Blutungsrisiko nach der Operation zu verringern. <\/span><span style=\"vertical-align: inherit;\">F\u00fcr den Erfolg der Operation ist das Absetzen dieser Medikamente mindestens 15 Tage vor der Operation wichtig.<\/span><\/span><\/p>\n<p><span style=\"vertical-align: inherit;\"><span style=\"vertical-align: inherit;\">Rauchen und Alkoholkonsum sollten gestoppt werden. <\/span><span style=\"vertical-align: inherit;\">Erfahren Sie, wie Sie die Wartung ordnungsgem\u00e4\u00df und sauber durchf\u00fchren. <\/span><span style=\"vertical-align: inherit;\">Da die Wirkung pflanzlicher Produkte nicht bekannt ist, ist bei der Anwendung dieser Produkte Vorsicht geboten.<\/span><\/span><\/p>\n<h3><strong><span style=\"vertical-align: inherit;\"><span style=\"vertical-align: inherit;\">Wie l\u00e4uft die Wiederherstellung der <\/span><\/span><\/strong><span style=\"vertical-align: inherit;\"><strong><span style=\"vertical-align: inherit;\">Oberlid\u00e4sthetik <\/span><\/strong><\/span><strong><span style=\"vertical-align: inherit;\"><span style=\"vertical-align: inherit;\">ab <\/span><\/span><\/strong><strong><span style=\"vertical-align: inherit;\"><span style=\"vertical-align: inherit;\">?<\/span><\/span><\/strong><\/h3>\n<p><span style=\"vertical-align: inherit;\"><span style=\"vertical-align: inherit;\">Eine erfolgreiche Operation wird dann durchgef\u00fchrt, wenn der Patient bei der Oberlid\u00e4sthetik auf die Dinge achtet, die w\u00e4hrend des Heilungsprozesses beachtet werden m\u00fcssen. <\/span><span style=\"vertical-align: inherit;\">Wie bei jeder Operation besteht auch bei der Oberlidstraffung die Gefahr einer Blutung. <\/span><span style=\"vertical-align: inherit;\">Daher sollte die Einnahme von Aspirin und Antibiotika unter \u00e4rztlicher Aufsicht erfolgen.<\/span><\/span><\/p>\n<p><span style=\"vertical-align: inherit;\"><span style=\"vertical-align: inherit;\">Rauchen und Alkohol sollten wegen der verz\u00f6gernden Wirkung auf die Wundheilung nicht konsumiert werden. <\/span><span style=\"vertical-align: inherit;\">Pflanzliche Produkte sollten in dieser Zeit nicht eingenommen werden, da sie unerwartete Wirkungen hervorrufen k\u00f6nnen. <\/span><span style=\"vertical-align: inherit;\">Eine Schwellung der Augenlider w\u00e4hrend des Heilungsprozesses ist eine erwartete Situation. <\/span><span style=\"vertical-align: inherit;\">Machen Sie sich keine Sorgen, es ist nur vor\u00fcbergehend.<\/span><\/span><\/p>\n<p><span style=\"vertical-align: inherit;\"><span style=\"vertical-align: inherit;\">W\u00e4hrend der Erholungsphase sollten die Augen ge\u00f6ffnet sein und ein d\u00fcnner Streifen auf den Augenlidern vorhanden sein. <\/span><span style=\"vertical-align: inherit;\">Kommt es nach der Operation zu Blutungen, macht sich dies als Bluterguss im Auge bemerkbar und ist bei allen Augenoperationen zu erwarten. <\/span><span style=\"vertical-align: inherit;\">Solange diese Bluterg\u00fcsse nicht \u00fcberm\u00e4\u00dfig gro\u00df sind, z\u00e4hlen sie zu den normalen Komplikationen.<\/span><\/span><\/p>\n<p><img loading=\"lazy\" decoding=\"async\" class=\"alignnone size-full wp-image-56\" src=\"https:\/\/www.esracelik.com\/de\/wp-content\/uploads\/2023\/05\/01_07_A-2.jpg\" alt=\"\" width=\"673\" height=\"701\" srcset=\"https:\/\/www.esracelik.com\/de\/wp-content\/uploads\/2023\/05\/01_07_A-2.jpg 673w, https:\/\/www.esracelik.com\/de\/wp-content\/uploads\/2023\/05\/01_07_A-2-288x300.jpg 288w\" sizes=\"auto, (max-width: 673px) 100vw, 673px\" \/><\/p>\n<h3><span style=\"vertical-align: inherit;\"><strong><span style=\"vertical-align: inherit;\">Was ist nach der Oberlid\u00e4sthetik <\/span><\/strong><strong><span style=\"vertical-align: inherit;\">zu <\/span><\/strong><strong><span style=\"vertical-align: inherit;\">beachten <\/span><\/strong><\/span><strong><span style=\"vertical-align: inherit;\"><span style=\"vertical-align: inherit;\">?<\/span><\/span><\/strong><\/h3>\n<ul>\n<li><span style=\"vertical-align: inherit;\"><span style=\"vertical-align: inherit;\">In den ersten zwei Tagen nach der Oberlidstraffung sollten Situationen vermieden werden, die die Augen erm\u00fcden.<\/span><\/span><\/li>\n<li><span style=\"vertical-align: inherit;\"><span style=\"vertical-align: inherit;\">Vom Arzt verordnete Augentropfen und Augensalben sollten regelm\u00e4\u00dfig angewendet werden.<\/span><\/span><\/li>\n<li><span style=\"vertical-align: inherit;\"><span style=\"vertical-align: inherit;\">Aufgrund der Infektionsgefahr sollte in den ersten 1-2 Wochen nach der Operation kein Make-up getragen werden.<\/span><\/span><\/li>\n<li><span style=\"vertical-align: inherit;\"><span style=\"vertical-align: inherit;\">Wenn Sie in die Sonne gehen, sollten Sie eine Sonnenbrille tragen.<\/span><\/span><\/li>\n<li><span style=\"vertical-align: inherit;\"><span style=\"vertical-align: inherit;\">Sie sollten auf einem hohen Kissen schlafen, wobei der Kopf h\u00f6her als der K\u00f6rper ist.<\/span><\/span><\/li>\n<li><span style=\"vertical-align: inherit;\"><span style=\"vertical-align: inherit;\">Die Kaltanwendung sollte rund um die Augen und die Augenpartie erfolgen.<\/span><\/span><\/li>\n<li><span style=\"vertical-align: inherit;\"><span style=\"vertical-align: inherit;\">Die Augen k\u00f6nnen tr\u00e4nen, brennen, stechen und schmerzen.<\/span><\/span><\/li>\n<li><span style=\"vertical-align: inherit;\"><span style=\"vertical-align: inherit;\">Am f\u00fcnften Tag nach der Operation werden die F\u00e4den entfernt, daher sollte eine Kontrolluntersuchung durchgef\u00fchrt werden.<\/span><\/span><\/li>\n<li><span style=\"vertical-align: inherit;\"><span style=\"vertical-align: inherit;\">Obwohl die R\u00fcckkehr zur Arbeit eine Woche nach der Operation frei ist, kann es 2-3 Wochen dauern, bis die \u00d6deme an den Augenlidern vollst\u00e4ndig verschwinden.<\/span><\/span><\/li>\n<li><span style=\"vertical-align: inherit;\"><span style=\"vertical-align: inherit;\">Vom Arzt empfohlene Cremes sollten rund um die Augen und um die Augen herum verwendet werden, und es sollte eine Kaltanwendung erfolgen.<\/span><\/span><\/li>\n<li><span style=\"vertical-align: inherit;\"><span style=\"vertical-align: inherit;\">Am zweiten Tag nach der Oberlidstraffung k\u00f6nnen Sie duschen.<\/span><\/span><\/li>\n<\/ul>\n<h3><span style=\"vertical-align: inherit;\"><strong><span style=\"vertical-align: inherit;\">Was sollte man <\/span><\/strong><strong><span style=\"vertical-align: inherit;\">\u00fcber die Oberlid\u00e4sthetik <\/span><\/strong><strong><span style=\"vertical-align: inherit;\">wissen <\/span><\/strong><\/span><strong><span style=\"vertical-align: inherit;\"><span style=\"vertical-align: inherit;\">?<\/span><\/span><\/strong><\/h3>\n<p><span style=\"vertical-align: inherit;\"><span style=\"vertical-align: inherit;\">Vor der Oberlidstraffung sollte sich der Patient mit seinem Arzt in Verbindung setzen und sich \u00fcber seine Erwartungen an die Operation, welche Operationen er mit dieser Operation durchf\u00fchren m\u00f6chte, den Heilungsverlauf und die m\u00f6glichen Risiken der Operation informieren. <\/span><span style=\"vertical-align: inherit;\">Da die W\u00fcnsche dem Arzt vor der Operation mitgeteilt werden, kann der Patient vorab Recherchen zu diesem Thema anstellen und die Ergebnisse mitteilen.<\/span><\/span><\/p>\n<p><span style=\"vertical-align: inherit;\"><span style=\"vertical-align: inherit;\">Um das Auftreten von Operationsnarben bei der Oberlidstraffung zu vermeiden, werden Einschnitte im Bereich der Oberlidfalte vorgenommen. <\/span><span style=\"vertical-align: inherit;\">Nach der Schnittf\u00fchrung kann die \u00fcbersch\u00fcssige Haut am Augenlid entfernt, das Fettgewebe positioniert und das Muskelgewebe gestrafft werden. <\/span><span style=\"vertical-align: inherit;\">Wenn bei einigen Patienten L\u00fccken im oberen Augenlid auftreten, kann Fettgewebe aufgetragen werden.<\/span><\/span><\/p>\n<p><span style=\"vertical-align: inherit;\"><span style=\"vertical-align: inherit;\">Um eine Infektion des Patienten in der postoperativen Phase bei der Oberlid\u00e4sthetik zu verhindern, sollte die Operation in der Umgebung des Operationssaals und unter sterilen Bedingungen durchgef\u00fchrt werden. <\/span><span style=\"vertical-align: inherit;\">Bei dieser Operation, die unter Narkose durchgef\u00fchrt wird, gibt es nichts zu bef\u00fcrchten. <\/span><span style=\"vertical-align: inherit;\">Die schmerz- und schmerzfreien Ergebnisse der Oberlid\u00e4sthetik f\u00fchren zur Zufriedenheit der Patienten.<\/span><\/span><\/p>\n<h2><strong><span style=\"vertical-align: inherit;\"><span style=\"vertical-align: inherit;\">H\u00e4ufig <\/span><\/span><\/strong><span style=\"vertical-align: inherit;\"><strong><span style=\"vertical-align: inherit;\">gestellte Fragen <\/span><\/strong><strong><span style=\"vertical-align: inherit;\">zur <\/span><\/strong><\/span><strong><span style=\"vertical-align: inherit;\"><span style=\"vertical-align: inherit;\">Oberlid\u00e4sthetik<\/span><\/span><\/strong><\/h2>\n<h3><span style=\"vertical-align: inherit;\"><strong><span style=\"vertical-align: inherit;\">K\u00f6nnen <\/span><\/strong><strong><span style=\"vertical-align: inherit;\">Oberlid-\u00c4sthetik und Unterlid-\u00c4sthetik <\/span><\/strong><\/span><strong><span style=\"vertical-align: inherit;\"><span style=\"vertical-align: inherit;\">gleichzeitig <\/span><\/span><\/strong><span style=\"vertical-align: inherit;\"><strong><span style=\"vertical-align: inherit;\">durchgef\u00fchrt <\/span><\/strong><strong><span style=\"vertical-align: inherit;\">werden <\/span><\/strong><\/span><strong><span style=\"vertical-align: inherit;\"><span style=\"vertical-align: inherit;\">?<\/span><\/span><\/strong><\/h3>\n<p><span style=\"vertical-align: inherit;\"><span style=\"vertical-align: inherit;\">Im Allgemeinen besteht beim Herabh\u00e4ngen der Augen ein Asymmetrieunterschied zwischen den beiden Augen. <\/span><span style=\"vertical-align: inherit;\">Bei Tr\u00e4nens\u00e4cken, feinen Linien und F\u00e4ltchen sowie Asymmetrieproblemen unter den Augen werden Oberlid-\u00c4sthetik und Unterlid-\u00c4sthetik bevorzugt. <\/span><span style=\"vertical-align: inherit;\">Daher ist es nicht zu beanstanden, zwei Sch\u00f6nheitsoperationen gleichzeitig durchzuf\u00fchren, dies sollte jedoch vor der Operation mit dem Arzt besprochen werden.<\/span><\/span><\/p>\n<h3><span style=\"vertical-align: inherit;\"><strong><span style=\"vertical-align: inherit;\">Werden nach der Oberlid\u00e4sthetik <\/span><\/strong><\/span><strong><span style=\"vertical-align: inherit;\"><span style=\"vertical-align: inherit;\">Narben <\/span><\/span><\/strong><span style=\"vertical-align: inherit;\"><strong><span style=\"vertical-align: inherit;\">zur\u00fcckbleiben <\/span><\/strong><\/span><strong><span style=\"vertical-align: inherit;\"><span style=\"vertical-align: inherit;\">?<\/span><\/span><\/strong><\/h3>\n<p><span style=\"vertical-align: inherit;\"><span style=\"vertical-align: inherit;\">Die Oberlid\u00e4sthetik ist eine Operation, die etwa eine Stunde dauert. <\/span><span style=\"vertical-align: inherit;\">Da die Haut am Augenlid d\u00fcnn ist und die Durchblutung hoch ist, ist die Erholungsphase nach der Operation voraussichtlich kurz. <\/span><span style=\"vertical-align: inherit;\">Obwohl damit zu rechnen ist, dass in den ersten sechs Monaten nach der Operation eine Operationsnarbe zur\u00fcckbleibt, wird erwartet, dass diese 6 bis 8 Monate nach der Operation allm\u00e4hlich abnimmt. <\/span><span style=\"vertical-align: inherit;\">Bei der Oberlid\u00e4sthetik wird die Lidfalte genutzt. <\/span><span style=\"vertical-align: inherit;\">Die Operationsnarbe am Augenlid, dessen nat\u00fcrlicher Stand ebenfalls gekr\u00fcmmt ist, liegt nicht auf einer H\u00f6he, die bei genauerem Hinsehen erkennbar ist.<\/span><\/span><\/p>\n<h3><strong><span style=\"vertical-align: inherit;\"><span style=\"vertical-align: inherit;\">Ist <\/span><\/span><\/strong><strong><span style=\"vertical-align: inherit;\"><span style=\"vertical-align: inherit;\">die Oberlid\u00e4sthetik <\/span><\/span><\/strong><span style=\"vertical-align: inherit;\"><strong><span style=\"vertical-align: inherit;\">riskant <\/span><\/strong><\/span><strong><span style=\"vertical-align: inherit;\"><span style=\"vertical-align: inherit;\">?<\/span><\/span><\/strong><\/h3>\n<p><span style=\"vertical-align: inherit;\"><span style=\"vertical-align: inherit;\">Es handelt sich um eine Operation, die von Experten auf dem Gebiet der Oberlid\u00e4sthetik durchgef\u00fchrt werden sollte, da sie auf diese Weise weniger Nebenwirkungen und Komplikationen verursacht. <\/span><span style=\"vertical-align: inherit;\">Nach der Operation kann es zu Blutungen in Form von Schwellungen, \u00d6demen, Bluterg\u00fcssen und Auslaufen kommen. <\/span><span style=\"vertical-align: inherit;\">Dies sind die \u00fcblichen Nebenwirkungen.<\/span><\/span><\/p>\n","protected":false},"excerpt":{"rendered":"<p>Abh\u00e4ngig von vielen Faktoren verliert die Haut mit der Zeit ihre elastische Struktur und die \u00fcbersch\u00fcssige Haut um die Augen herum beginnt sich an den Augenlidern zu erholen. Lockerung und Erschlaffung der Augenlider; verursacht ein altes, m\u00fcdes Aussehen. Heutzutage geh\u00f6rt die Oberlidstraffung zu den von vielen Menschen bevorzugten \u00e4sthetischen Eingriffen. Die Oberlid\u00e4sthetik wird eingesetzt, um [&hellip;]<\/p>\n","protected":false},"author":1,"featured_media":57,"comment_status":"open","ping_status":"open","sticky":false,"template":"","format":"standard","meta":{"footnotes":""},"categories":[3],"tags":[],"class_list":["post-55","post","type-post","status-publish","format-standard","has-post-thumbnail","hentry","category-gesichtsasthetik"],"_links":{"self":[{"href":"https:\/\/www.esracelik.com\/de\/wp-json\/wp\/v2\/posts\/55","targetHints":{"allow":["GET"]}}],"collection":[{"href":"https:\/\/www.esracelik.com\/de\/wp-json\/wp\/v2\/posts"}],"about":[{"href":"https:\/\/www.esracelik.com\/de\/wp-json\/wp\/v2\/types\/post"}],"author":[{"embeddable":true,"href":"https:\/\/www.esracelik.com\/de\/wp-json\/wp\/v2\/users\/1"}],"replies":[{"embeddable":true,"href":"https:\/\/www.esracelik.com\/de\/wp-json\/wp\/v2\/comments?post=55"}],"version-history":[{"count":2,"href":"https:\/\/www.esracelik.com\/de\/wp-json\/wp\/v2\/posts\/55\/revisions"}],"predecessor-version":[{"id":746,"href":"https:\/\/www.esracelik.com\/de\/wp-json\/wp\/v2\/posts\/55\/revisions\/746"}],"wp:featuredmedia":[{"embeddable":true,"href":"https:\/\/www.esracelik.com\/de\/wp-json\/wp\/v2\/media\/57"}],"wp:attachment":[{"href":"https:\/\/www.esracelik.com\/de\/wp-json\/wp\/v2\/media?parent=55"}],"wp:term":[{"taxonomy":"category","embeddable":true,"href":"https:\/\/www.esracelik.com\/de\/wp-json\/wp\/v2\/categories?post=55"},{"taxonomy":"post_tag","embeddable":true,"href":"https:\/\/www.esracelik.com\/de\/wp-json\/wp\/v2\/tags?post=55"}],"curies":[{"name":"wp","href":"https:\/\/api.w.org\/{rel}","templated":true}]}}