{"id":37,"date":"2023-05-18T18:06:34","date_gmt":"2023-05-18T15:06:34","guid":{"rendered":"https:\/\/www.esracelik.com\/de\/?p=37"},"modified":"2023-07-20T17:41:12","modified_gmt":"2023-07-20T14:41:12","slug":"nasenkorrektur","status":"publish","type":"post","link":"https:\/\/www.esracelik.com\/de\/nasenkorrektur\/","title":{"rendered":"Nasenkorrektur"},"content":{"rendered":"<p><span style=\"vertical-align: inherit;\"><span style=\"vertical-align: inherit;\">Die Nase, die aufgrund ihrer Lage in der Mitte unseres Gesichts einen erheblichen Anteil am sch\u00f6nen und ansehnlichen Erscheinungsbild hat, ist ein Organ, an dem selbst kleine Verformungen sofort ins Auge fallen. <\/span><span style=\"vertical-align: inherit;\">Aus diesem Grund gehen heute viele Frauen und M\u00e4nner wegen Deformationen in der Nase zur Nasenkorrektur in die Klinik.<\/span><\/span><\/p>\n<h2><strong><span style=\"vertical-align: inherit;\"><span style=\"vertical-align: inherit;\">Was ist eine Nasenkorrektur?<\/span><\/span><\/strong><\/h2>\n<p><span style=\"vertical-align: inherit;\"><span style=\"vertical-align: inherit;\">Die Nasen\u00e4sthetik, oder Rhinoplastik, wie sie in der Medizin genannt wird, ist eine \u00e4sthetische Operation, die alle Operationen umfasst, die am Nasenknochen, Nasenknorpel, Nasengewebe und Nasenhaut durchgef\u00fchrt werden, um die Form der Nase zu ver\u00e4ndern. <\/span><span style=\"vertical-align: inherit;\">Eine Nasenkorrektur wird sowohl bei gesundheitlichen als auch bei \u00e4sthetischen Problemen durchgef\u00fchrt. <\/span><span style=\"vertical-align: inherit;\">In diesem Zusammenhang w\u00e4re es nicht falsch zu sagen, dass es sich bei der Nasenkorrektur um ein Verfahren handelt, das Gesundheit und Sch\u00f6nheit vereint, wie es bei vielen Anwendungen der \u00e4sthetischen Chirurgie der Fall ist.<\/span><\/span><\/p>\n<h2><strong><span style=\"vertical-align: inherit;\"><span style=\"vertical-align: inherit;\">Wie wird eine Nasen\u00e4sthetikoperation durchgef\u00fchrt?<\/span><\/span><\/strong><\/h2>\n<p><span style=\"vertical-align: inherit;\"><span style=\"vertical-align: inherit;\">Die Nasen\u00e4sthetik ist eine Operation, die speziell f\u00fcr den Einzelnen durchgef\u00fchrt wird. <\/span><span style=\"vertical-align: inherit;\">Je nach Bedarf des Menschen k\u00f6nnen das Nasenbein, das Knorpelgewebe, die Hautschicht oder alle drei gemeinsam ver\u00e4ndert werden. <\/span><span style=\"vertical-align: inherit;\">Bei der Planung einer Nasenkorrektur richtet sich die Planung nach dem individuellen Gesicht, der Haut in der Nase, der Hautdicke und den W\u00fcnschen des Patienten. <\/span><span style=\"vertical-align: inherit;\">Nach einer individuellen Planung der Nasenoperation wird mit der Behandlung begonnen.<\/span><\/span><\/p>\n<p><span style=\"vertical-align: inherit;\"><span style=\"vertical-align: inherit;\">Zu Beginn einer Nasenkorrektur wird zun\u00e4chst eine \u00f6rtliche Bet\u00e4ubung mit Sedierung oder Vollnarkose durchgef\u00fchrt. <\/span><span style=\"vertical-align: inherit;\">Dies ist wichtig, um den Gef\u00fchlsverlust des Patienten zu reduzieren. <\/span><span style=\"vertical-align: inherit;\">Der Unterschied zwischen einer sedierten Lokalan\u00e4sthesie und einer Vollnarkose besteht darin, dass die Wirkung einer sedierten Lokalan\u00e4sthesie auf einen bestimmten Teil des K\u00f6rpers beschr\u00e4nkt ist, w\u00e4hrend die Wirkung einer Vollnarkose den gesamten K\u00f6rper betrifft. <\/span><span style=\"vertical-align: inherit;\">W\u00e4hrend der Patient w\u00e4hrend der Vollnarkose bewusstlos bleibt, herrscht w\u00e4hrend der Lokalan\u00e4sthesie ein Schl\u00e4frigkeitszustand. <\/span><span style=\"vertical-align: inherit;\">Da die Nasenkorrektur in der Regel unter Vollnarkose durchgef\u00fchrt wird, versp\u00fcrt der Patient weder Schmerzen noch Unwohlsein. <\/span><span style=\"vertical-align: inherit;\">Bei sehr kleinen Eingriffen wie Eingriffen an der Nasenspitze kann jedoch manchmal eine Sedierung bevorzugt werden.<\/span><\/span><\/p>\n<p><span style=\"vertical-align: inherit;\"><span style=\"vertical-align: inherit;\">Bei der Nasenkorrektur wird ein Schnitt in der Nase oder zwischen den Nasenl\u00f6chern direkt unterhalb der Nase vorgenommen. <\/span><span style=\"vertical-align: inherit;\">Von hier aus wird gem\u00e4\u00df der pr\u00e4operativen Planung ein Eingriff durchgef\u00fchrt, in dem festgelegt wird, wie viel Nasenknochen, Nasenknorpel und Nasengewebe entfernt werden. <\/span><span style=\"vertical-align: inherit;\">Ist die sogenannte Trennwand zwischen den beiden Nasenl\u00f6chern schief oder verdreht, kann auch hier eine Korrektur der Atmung vorgenommen werden. <\/span><span style=\"vertical-align: inherit;\">Wenn in der vor der Operation getroffenen Planung eine Erg\u00e4nzung vorgesehen ist, kann hier der aus den tiefen Nasen- oder Ohrl\u00f6chern entnommene Knorpel hinzugef\u00fcgt werden. <\/span><span style=\"vertical-align: inherit;\">Bei gr\u00f6\u00dferen Ver\u00e4nderungen k\u00f6nnen Rippen oder Implantate bevorzugt werden. <\/span><span style=\"vertical-align: inherit;\">Nachdem diese \u00c4nderungen abgeschlossen sind, wird die Operation durch das N\u00e4hen der Einschnitte abgeschlossen.<\/span><\/span><\/p>\n<p><span style=\"vertical-align: inherit;\"><span style=\"vertical-align: inherit;\">Nach der Operation wird der Patient von den Krankenschwestern und dem Gesundheitspersonal im Aufwachraum \u00fcberwacht, um den Gesundheitszustand des Patienten w\u00e4hrend der Erholungsphase zu beurteilen, und nach dem Aufwachen in den Raum gebracht.<\/span><\/span><\/p>\n<p><span style=\"vertical-align: inherit;\"><span style=\"vertical-align: inherit;\">Bei der Nasenkorrektur kommen zwei Grundtechniken zum Einsatz: die offene und die geschlossene. <\/span><span style=\"vertical-align: inherit;\">Daneben werden als Unterzweige dieser Techniken weitere Methoden wie die Nasenkorrektur, die protektive Nasenkorrektur oder die Piezzo-Chirurgie eingesetzt. <\/span><span style=\"vertical-align: inherit;\">Die Operationsmethode wird bei der Beratungsuntersuchung entsprechend den Anforderungen der Person und der Nasenform festgelegt.<\/span><\/span><\/p>\n<h3><strong><span style=\"vertical-align: inherit;\"><span style=\"vertical-align: inherit;\">Wer ist ein geeigneter Kandidat f\u00fcr eine Nasenkorrektur?<\/span><\/span><\/strong><\/h3>\n<p><span style=\"vertical-align: inherit;\"><span style=\"vertical-align: inherit;\">Der Hauptgrund f\u00fcr eine Nasenkorrektur ist der Wunsch nach einem \u00e4sthetischen Erscheinungsbild der Nase aufgrund einer angeborenen oder sp\u00e4teren Ursache. <\/span><span style=\"vertical-align: inherit;\">Eine Nasenkorrektur kann bei Menschen angewendet werden, die durch eine Verletzung verursachte Deformit\u00e4ten reparieren m\u00f6chten, bei Menschen, die einen Geburtsfehler korrigieren m\u00f6chten, bei Menschen, die das Aussehen der Nase ver\u00e4ndern m\u00f6chten, und bei Menschen, die einige Atembeschwerden verbessern m\u00f6chten.<\/span><\/span><\/p>\n<h3><strong><span style=\"vertical-align: inherit;\"><span style=\"vertical-align: inherit;\">Wer kann sich keiner Nasenkorrektur unterziehen?<\/span><\/span><\/strong><\/h3>\n<p><span style=\"vertical-align: inherit;\"><span style=\"vertical-align: inherit;\">Eine Nasenkorrektur kann nicht bei Diabetikern, Patienten mit Bluthochdruck (Hypertonie), Menschen mit Krankheiten, die schwere Blutungen verursachen k\u00f6nnen, wie H\u00e4mophilie, Herzpatienten, Patienten mit schweren psychischen St\u00f6rungen und Menschen in der Klasse der Adipositas durchgef\u00fchrt werden.<\/span><\/span><\/p>\n<p><span style=\"vertical-align: inherit;\"><span style=\"vertical-align: inherit;\">Die Altersgrenze f\u00fcr eine formelle Nasenkorrektur liegt jedoch bei 18 Jahren. <\/span><span style=\"vertical-align: inherit;\">Wenn der Patient eine posttraumatische Deformit\u00e4t aufweist, kann dieser Eingriff bereits in einem j\u00fcngeren Alter durchgef\u00fchrt werden.<\/span><\/span><\/p>\n<h3><strong><span style=\"vertical-align: inherit;\"><span style=\"vertical-align: inherit;\">Wie l\u00e4uft der Vorbereitungsprozess f\u00fcr eine Nasenkorrektur ab?<\/span><\/span><\/strong><\/h3>\n<ul>\n<li><span style=\"vertical-align: inherit;\"><span style=\"vertical-align: inherit;\">Zun\u00e4chst sollte die Einnahme von Blutverd\u00fcnnern wie Aspirin 15 Tage vor der Operation abgesetzt werden. <\/span><span style=\"vertical-align: inherit;\">F\u00fcr die Gesundheit des Patienten ist es wichtig, diese Medikamente, die ein ernstes Blutungsrisiko bergen, nicht zu verwenden.<\/span><\/span><\/li>\n<li><span style=\"vertical-align: inherit;\"><span style=\"vertical-align: inherit;\">Bei Erkrankungen wie Grippe oder Erk\u00e4ltung sollten diese Informationen vor der Operation dem Arzt mitgeteilt werden. <\/span><span style=\"vertical-align: inherit;\">Da eine Operation nach diesen Erkrankungen ein hohes Infektionsrisiko birgt, ist es m\u00f6glich, die Operation zu verschieben oder Vorsichtsma\u00dfnahmen zu treffen.<\/span><\/span><\/li>\n<li><span style=\"vertical-align: inherit;\"><span style=\"vertical-align: inherit;\">Rauchen und Alkoholkonsum sollten 15 Tage vor der Operation eingestellt werden. <\/span><span style=\"vertical-align: inherit;\">Da Rauchen und Alkohol die Durchblutung beeintr\u00e4chtigen, verl\u00e4ngern sie die Erholungsphase nach der Operation.<\/span><\/span><\/li>\n<li><span style=\"vertical-align: inherit;\"><span style=\"vertical-align: inherit;\">Da pflanzliche Nahrungserg\u00e4nzungsmittel oder Kr\u00e4utertees das Blutungsrisiko erh\u00f6hen k\u00f6nnen, sollte deren Einnahme 15 Tage vor der Operation eingestellt werden.<\/span><\/span><\/li>\n<li><span style=\"vertical-align: inherit;\"><span style=\"vertical-align: inherit;\">Vor der Operation ist es notwendig, Sonnenschutzmittel mit hohem Schutz vor sch\u00e4dlichen Sonnenstrahlen zu verwenden.<\/span><\/span><\/li>\n<li><span style=\"vertical-align: inherit;\"><span style=\"vertical-align: inherit;\">Durch Waschen des Gesichts mit antibakterieller Seife am Tag vor der Operation werden die Keime in diesem Bereich abget\u00f6tet.<\/span><\/span><\/li>\n<li><span style=\"vertical-align: inherit;\"><span style=\"vertical-align: inherit;\">Damit der Arzt die Blutzirkulation w\u00e4hrend der Operation besser erkennen kann, sollte der Nagellack auf den N\u00e4geln entfernt werden.<\/span><\/span><\/li>\n<li><span style=\"vertical-align: inherit;\"><span style=\"vertical-align: inherit;\">Ern\u00e4hrung und Schlafverhalten sollten 15 Tage vor der Operation kontrolliert werden. <\/span><span style=\"vertical-align: inherit;\">Wenn Sie schl\u00e4frig zur Operation gehen, bleiben Sie nach der Operation vital.<\/span><\/span><\/li>\n<li><span style=\"vertical-align: inherit;\"><span style=\"vertical-align: inherit;\">Da es f\u00fcr die Erholungsphase von Vorteil ist, bequeme Kleidung, Kleidung mit Kn\u00f6pfen oder Rei\u00dfverschl\u00fcssen, f\u00fcr und nach der Operation zu w\u00e4hlen, sollte diese Kleidung vorbereitet werden.<\/span><\/span><\/li>\n<\/ul>\n<h3><strong><span style=\"vertical-align: inherit;\"><span style=\"vertical-align: inherit;\">Wie l\u00e4uft der Genesungsprozess nach einer Nasenkorrektur ab?<\/span><\/span><\/strong><\/h3>\n<p><span style=\"vertical-align: inherit;\"><span style=\"vertical-align: inherit;\">Obwohl der Genesungsprozess nach einer Nasenkorrektur von Person zu Person unterschiedlich ist, kehren die Patienten in der Regel innerhalb einer Woche zu ihrem normalen Leben zur\u00fcck. <\/span><span style=\"vertical-align: inherit;\">Es kann sechs Monate bis ein Jahr dauern, bis die Nase ihr endg\u00fcltiges Aussehen annimmt.<\/span><\/span><\/p>\n<p><span style=\"vertical-align: inherit;\"><span style=\"vertical-align: inherit;\">4-5 Tage nach der Operation. <\/span><span style=\"vertical-align: inherit;\">Die Schiene in der Nase wird in der Regel noch am selben Tag entfernt und dem Patienten wird beigebracht, wie er seine Nase massieren kann. <\/span><span style=\"vertical-align: inherit;\">An diesem Punkt ist eine regelm\u00e4\u00dfige Massage wichtig, da sie der Bildung von \u00d6demen vorbeugt.<\/span><\/span><\/p>\n<h3><strong><span style=\"vertical-align: inherit;\"><span style=\"vertical-align: inherit;\">Was ist nach einer Nasenkorrektur zu beachten?<\/span><\/span><\/strong><\/h3>\n<ul>\n<li><span style=\"vertical-align: inherit;\"><span style=\"vertical-align: inherit;\">Um Blutungen und Schwellungen zu reduzieren, sollten Sie mit mehr als einem Kissen in einer Position schlafen, in der der Kopf h\u00f6her als die Brust liegt.<\/span><\/span><\/li>\n<li><span style=\"vertical-align: inherit;\"><span style=\"vertical-align: inherit;\">Es ist normal, dass es bis zum Entfernen des Verbandes zu leichten Blutungen und Schleimansammlungen kommt. <\/span><span style=\"vertical-align: inherit;\">Es besteht kein Grund zur Sorge, da sich Schleim ansammelt.<\/span><\/span><\/li>\n<li><span style=\"vertical-align: inherit;\"><span style=\"vertical-align: inherit;\">Aktivit\u00e4ten, die viel Energie erfordern, wie Aerobic und Joggen, sollten vermieden werden.<\/span><\/span><\/li>\n<li><span style=\"vertical-align: inherit;\"><span style=\"vertical-align: inherit;\">Das Baden sollte so erfolgen, dass das Wasser von oben flie\u00dft.<\/span><\/span><\/li>\n<li><span style=\"vertical-align: inherit;\"><span style=\"vertical-align: inherit;\">Da es wichtig ist, sich die Nase zu putzen und Verstopfung zu vermeiden, ist es wichtig, eine Kompression der Nase zu vermeiden, daher sollten faserige Lebensmittel und viel Wasser zu sich genommen werden.<\/span><\/span><\/li>\n<li><span style=\"vertical-align: inherit;\"><span style=\"vertical-align: inherit;\">Es sollte Kleidung mit Kn\u00f6pfen oder Rei\u00dfverschl\u00fcssen getragen werden, die nicht mit der Nase in Ber\u00fchrung kommen.<\/span><\/span><\/li>\n<li><span style=\"vertical-align: inherit;\"><span style=\"vertical-align: inherit;\">Brillen oder Sonnenbrillen sollten nicht auf der Nase getragen werden. <\/span><span style=\"vertical-align: inherit;\">In diesem Prozess kann es sinnvoll sein, die Brille mit Klebeband an der Stirn zu befestigen.<\/span><\/span><\/li>\n<li><span style=\"vertical-align: inherit;\"><span style=\"vertical-align: inherit;\">Wenn Sie in die Sonne gehen, sollten Sie Sonnenschutzmittel mit hohem Schutzfaktor verwenden. <\/span><span style=\"vertical-align: inherit;\">Man darf nicht vergessen, dass man einem Infektionsrisiko ausgesetzt ist, wenn man ohne Sonnenschutzmittel in die Sonne geht.<\/span><\/span><\/li>\n<li><span style=\"vertical-align: inherit;\"><span style=\"vertical-align: inherit;\">Es ist normal, dass sich von der Nase bis zu den Augenpartien eine violett-blaue Verf\u00e4rbung bildet. Diese Beschwerde verschwindet innerhalb weniger Wochen von selbst. Auch hier ist es normal, dass \u00d6deme oder Schwellungen auftreten.<\/span><\/span><\/li>\n<li><span style=\"vertical-align: inherit;\"><span style=\"vertical-align: inherit;\">Damit die Schwellung schneller abklingt, sollte auf Natrium verzichtet werden.<\/span><\/span><\/li>\n<li><span style=\"vertical-align: inherit;\"><span style=\"vertical-align: inherit;\">Nach der Operation sollte eine Woche Pause von der Arbeit und der Schule eingelegt werden.<\/span><\/span><\/li>\n<\/ul>\n<h2><strong><span style=\"vertical-align: inherit;\"><span style=\"vertical-align: inherit;\">H\u00e4ufig gestellte Fragen zur Nasenkorrektur<\/span><\/span><\/strong><\/h2>\n<h3><strong><span style=\"vertical-align: inherit;\"><span style=\"vertical-align: inherit;\">In welcher Situation sollte eine Nasen\u00e4sthetik durchgef\u00fchrt werden?<\/span><\/span><\/strong><\/h3>\n<p><span style=\"vertical-align: inherit;\"><span style=\"vertical-align: inherit;\">Eine Nasenkorrektur sollte bei Nasenbogenform, niedriger Nase, in F\u00e4llen, in denen der Winkel zwischen den Lippen korrigiert werden muss, Nasenbreite, Deformit\u00e4ten wie Nasenfrakturen, asymmetrischem Nasenbild, Nasenmuschel, Sinusitis oder Deviation durchgef\u00fchrt werden.<\/span><\/span><\/p>\n<h3><strong><span style=\"vertical-align: inherit;\"><span style=\"vertical-align: inherit;\">Sind bei der Nasen\u00e4sthetik Schmerzen und Schmerzen zu sp\u00fcren?<\/span><\/span><\/strong><\/h3>\n<p><span style=\"vertical-align: inherit;\"><span style=\"vertical-align: inherit;\">Da bei der Nasenkorrektur w\u00e4hrend der Operation eine Narkose verabreicht wird, ist es nicht m\u00f6glich, Schmerzen und Schmerzen zu sp\u00fcren. <\/span><span style=\"vertical-align: inherit;\">Auch wenn mit dem Verlust der Wirkung der An\u00e4sthesie ein Schmerz- und Schmerzgef\u00fchl auftritt, verschwinden diese Beschwerden mit den vom Arzt verabreichten Schmerzmitteln. <\/span><span style=\"vertical-align: inherit;\">Die st\u00e4rksten Schmerzen k\u00f6nnen in der ersten Nacht auftreten.<\/span><\/span><\/p>\n<h3><span style=\"vertical-align: inherit;\"><strong><span style=\"vertical-align: inherit;\">Kann die Nase bei Atembeschwerden \u00e4sthetisch korrigiert werden <\/span><\/strong><strong><span style=\"vertical-align: inherit;\">?<\/span><\/strong><\/span><\/h3>\n<p><span style=\"vertical-align: inherit;\"><span style=\"vertical-align: inherit;\">Zus\u00e4tzlich zum Atemproblem kann der Patient, wenn er seinem Arzt seine \u00e4sthetischen Bedenken mitteilt, einen geeigneten Operationsplan erstellen und die Nase mit dem Atemproblem \u00e4sthetisch korrigieren.<\/span><\/span><\/p>\n","protected":false},"excerpt":{"rendered":"<p>Die Nase, die aufgrund ihrer Lage in der Mitte unseres Gesichts einen erheblichen Anteil am sch\u00f6nen und ansehnlichen Erscheinungsbild hat, ist ein Organ, an dem selbst kleine Verformungen sofort ins Auge fallen. Aus diesem Grund gehen heute viele Frauen und M\u00e4nner wegen Deformationen in der Nase zur Nasenkorrektur in die Klinik. Was ist eine Nasenkorrektur? [&hellip;]<\/p>\n","protected":false},"author":1,"featured_media":38,"comment_status":"open","ping_status":"open","sticky":false,"template":"","format":"standard","meta":{"footnotes":""},"categories":[3],"tags":[],"class_list":["post-37","post","type-post","status-publish","format-standard","has-post-thumbnail","hentry","category-gesichtsasthetik"],"_links":{"self":[{"href":"https:\/\/www.esracelik.com\/de\/wp-json\/wp\/v2\/posts\/37","targetHints":{"allow":["GET"]}}],"collection":[{"href":"https:\/\/www.esracelik.com\/de\/wp-json\/wp\/v2\/posts"}],"about":[{"href":"https:\/\/www.esracelik.com\/de\/wp-json\/wp\/v2\/types\/post"}],"author":[{"embeddable":true,"href":"https:\/\/www.esracelik.com\/de\/wp-json\/wp\/v2\/users\/1"}],"replies":[{"embeddable":true,"href":"https:\/\/www.esracelik.com\/de\/wp-json\/wp\/v2\/comments?post=37"}],"version-history":[{"count":3,"href":"https:\/\/www.esracelik.com\/de\/wp-json\/wp\/v2\/posts\/37\/revisions"}],"predecessor-version":[{"id":739,"href":"https:\/\/www.esracelik.com\/de\/wp-json\/wp\/v2\/posts\/37\/revisions\/739"}],"wp:featuredmedia":[{"embeddable":true,"href":"https:\/\/www.esracelik.com\/de\/wp-json\/wp\/v2\/media\/38"}],"wp:attachment":[{"href":"https:\/\/www.esracelik.com\/de\/wp-json\/wp\/v2\/media?parent=37"}],"wp:term":[{"taxonomy":"category","embeddable":true,"href":"https:\/\/www.esracelik.com\/de\/wp-json\/wp\/v2\/categories?post=37"},{"taxonomy":"post_tag","embeddable":true,"href":"https:\/\/www.esracelik.com\/de\/wp-json\/wp\/v2\/tags?post=37"}],"curies":[{"name":"wp","href":"https:\/\/api.w.org\/{rel}","templated":true}]}}