{"id":34,"date":"2023-05-18T18:04:56","date_gmt":"2023-05-18T15:04:56","guid":{"rendered":"https:\/\/www.esracelik.com\/de\/?p=34"},"modified":"2023-07-20T17:40:51","modified_gmt":"2023-07-20T14:40:51","slug":"asthetische-operation-am-unteren-augenlid","status":"publish","type":"post","link":"https:\/\/www.esracelik.com\/de\/asthetische-operation-am-unteren-augenlid\/","title":{"rendered":"\u00c4sthetische Operation am unteren Augenlid"},"content":{"rendered":"<p><span style=\"vertical-align: inherit;\"><span style=\"vertical-align: inherit;\"><span style=\"vertical-align: inherit;\"><span style=\"vertical-align: inherit;\">Aufgrund des zunehmenden Alters und der Schwerkraft sind die Augenlider sehr anf\u00e4llig f\u00fcr Tr\u00e4nens\u00e4cke, Erschlaffungen, Falten und Streifenbildung. <\/span><\/span><\/span><span style=\"vertical-align: inherit;\"><span style=\"vertical-align: inherit;\"><span style=\"vertical-align: inherit;\">Diese Beschwerden wirken sich negativ auf das t\u00e4gliche Leben der Menschen aus, da sie das \u00e4sthetische Erscheinungsbild beeintr\u00e4chtigen und bei manchen Menschen auch das Sehverm\u00f6gen beeintr\u00e4chtigen. <\/span><\/span><\/span><span style=\"vertical-align: inherit;\"><span style=\"vertical-align: inherit;\"><span style=\"vertical-align: inherit;\">Viele Menschen, die unter diesen Problemen leiden, suchen nach einer L\u00f6sung in der plastischen Chirurgie der unteren Augenlider.<\/span><\/span><\/span><\/span><\/p>\n<h2><strong><span style=\"vertical-align: inherit;\"><span style=\"vertical-align: inherit;\"><span style=\"vertical-align: inherit;\"><span style=\"vertical-align: inherit;\">Was ist eine \u00e4sthetische Operation <\/span><\/span><\/span><\/span><\/strong><span style=\"vertical-align: inherit;\"><strong><span style=\"vertical-align: inherit;\"><span style=\"vertical-align: inherit;\"><span style=\"vertical-align: inherit;\">am unteren Augenlid <\/span><\/span><\/span><\/strong><\/span><strong><span style=\"vertical-align: inherit;\"><span style=\"vertical-align: inherit;\"><span style=\"vertical-align: inherit;\"><span style=\"vertical-align: inherit;\">?<\/span><\/span><\/span><\/span><\/strong><\/h2>\n<p><span style=\"vertical-align: inherit;\"><span style=\"vertical-align: inherit;\"><span style=\"vertical-align: inherit;\"><span style=\"vertical-align: inherit;\">Plastische Chirurgie des unteren Augenlids; <\/span><\/span><\/span><span style=\"vertical-align: inherit;\"><span style=\"vertical-align: inherit;\"><span style=\"vertical-align: inherit;\">Es handelt sich um ein \u00e4sthetisches Verfahren zur Entfernung von Tr\u00e4nens\u00e4cken, schlaffer Haut, Augenringen und schlaffen Unterlidern.<\/span><\/span><\/span><\/span><\/p>\n<p><span style=\"vertical-align: inherit;\"><span style=\"vertical-align: inherit;\"><span style=\"vertical-align: inherit;\"><span style=\"vertical-align: inherit;\">Der Zweck der plastischen Chirurgie des unteren Augenlids; <\/span><\/span><\/span><span style=\"vertical-align: inherit;\"><span style=\"vertical-align: inherit;\"><span style=\"vertical-align: inherit;\">Um Menschen einer j\u00fcngeren und \u00e4sthetischeren Augenpartie zu helfen.<\/span><\/span><\/span><\/span><\/p>\n<h3><strong><span style=\"vertical-align: inherit;\"><span style=\"vertical-align: inherit;\"><span style=\"vertical-align: inherit;\"><span style=\"vertical-align: inherit;\">Wie wird eine \u00e4sthetische Operation am unteren <\/span><\/span><\/span><\/span><\/strong><strong><span style=\"vertical-align: inherit;\"><span style=\"vertical-align: inherit;\"><span style=\"vertical-align: inherit;\"><span style=\"vertical-align: inherit;\">Augenlid <\/span><\/span><\/span><\/span><\/strong><strong><span style=\"vertical-align: inherit;\"><span style=\"vertical-align: inherit;\"><span style=\"vertical-align: inherit;\"><span style=\"vertical-align: inherit;\">durchgef\u00fchrt?<\/span><\/span><\/span><\/span><\/strong><\/h3>\n<p><span style=\"vertical-align: inherit;\"><span style=\"vertical-align: inherit;\"><span style=\"vertical-align: inherit;\"><span style=\"vertical-align: inherit;\">Die plastische Chirurgie des unteren Augenlids ist eigentlich eine patientenpezifische Operation, da die Beschwerden bei der Beantragung einer plastischen Operation des unteren Augenlids pers\u00f6nlicher Natur sind. <\/span><\/span><\/span><span style=\"vertical-align: inherit;\"><span style=\"vertical-align: inherit;\"><span style=\"vertical-align: inherit;\">In einigen F\u00e4llen wird ein Teil des Fetts entfernt, um das Erscheinungsbild der Fetts\u00e4cke zu verringern, die Informationen eines Bruchs der Fettpolster in der Augenh\u00f6hle, der sogenannten Augenh\u00f6hle, entstehen. <\/span><\/span><\/span><span style=\"vertical-align: inherit;\"><span style=\"vertical-align: inherit;\"><span style=\"vertical-align: inherit;\">Bei der Fettentfernung wird der transkonjunktivale Eingriff durchgef\u00fchrt, d. <\/span><\/span><\/span><span style=\"vertical-align: inherit;\"><span style=\"vertical-align: inherit;\"><span style=\"vertical-align: inherit;\">Teilweise werden Transaktionen von zwei Regionen gleichzeitig durchgef\u00fchrt. <\/span><\/span><\/span><span style=\"vertical-align: inherit;\"><span style=\"vertical-align: inherit;\"><span style=\"vertical-align: inherit;\">Ziel ist es, die Tr\u00e4nens\u00e4cke am unteren Augenlid zu entfernen. <\/span><\/span><\/span><span style=\"vertical-align: inherit;\"><span style=\"vertical-align: inherit;\"><span style=\"vertical-align: inherit;\">Die Operation kann auch als Folge einer aus dem Beitrag Durchtrennung von Fetts\u00e4cken oder einer Rissdeformit\u00e4t durchgef\u00fchrten werden.<\/span><\/span><\/span><\/span><\/p>\n<p><span style=\"vertical-align: inherit;\"><span style=\"vertical-align: inherit;\"><span style=\"vertical-align: inherit;\"><span style=\"vertical-align: inherit;\">Eine andere Beschwerde, die uns bei der plastischen Chirurgie des unteren Augenlids begegnet, ist das Erschlaffen der Wangenhaut und des Wangengewebes durch die Schwerkraft. <\/span><\/span><\/span><span style=\"vertical-align: inherit;\"><span style=\"vertical-align: inherit;\"><span style=\"vertical-align: inherit;\">In diesem Fall kann zus\u00e4tzlich zur Mittelgesichtsstraffung auch eine \u00e4sthetische Operation am unteren Augenlid durchgef\u00fchrt werden. <\/span><\/span><\/span><span style=\"vertical-align: inherit;\"><span style=\"vertical-align: inherit;\"><span style=\"vertical-align: inherit;\">Da in diesem Fall eine andere Operation durchgef\u00fchrt wird, werden alle Beschwerden und Erwartungen aufgrund der Compliance von Arzt und Patient gel\u00f6st. <\/span><\/span><\/span><span style=\"vertical-align: inherit;\"><span style=\"vertical-align: inherit;\"><span style=\"vertical-align: inherit;\">Daher sind die Grenzen des Patientengewebes, eine Voranalyse und eine sorgf\u00e4ltige Untersuchung sehr wichtig.<\/span><\/span><\/span><\/span><\/p>\n<p><span style=\"vertical-align: inherit;\"><span style=\"vertical-align: inherit;\"><span style=\"vertical-align: inherit;\"><span style=\"vertical-align: inherit;\">Wenn bei \u00e4sthetischen Operationen am unteren Augenlid nur das Augenlid betroffen ist, dauert der Eingriff durchschnittlich 1 Stunde. <\/span><span style=\"vertical-align: inherit;\">In Kombination mit einer Mittelgesichtsstraffung dauert der Eingriff jedoch durchschnittlich 2,5 Stunden.<\/span><\/span><\/span><\/span><\/p>\n<h3><span style=\"vertical-align: inherit;\"><strong><span style=\"vertical-align: inherit;\"><span style=\"vertical-align: inherit;\"><span style=\"vertical-align: inherit;\">Wer <\/span><\/span><\/span><\/strong><strong><span style=\"vertical-align: inherit;\"><span style=\"vertical-align: inherit;\"><span style=\"vertical-align: inherit;\">ist ein geeigneter Kandidat f\u00fcr eine <\/span><\/span><\/span><\/strong><\/span><strong><span style=\"vertical-align: inherit;\"><span style=\"vertical-align: inherit;\"><span style=\"vertical-align: inherit;\"><span style=\"vertical-align: inherit;\">\u00e4sthetische <\/span><\/span><\/span><\/span><\/strong><strong><span style=\"vertical-align: inherit;\"><span style=\"vertical-align: inherit;\"><span style=\"vertical-align: inherit;\"><span style=\"vertical-align: inherit;\">Operation <\/span><\/span><\/span><\/span><\/strong><span style=\"vertical-align: inherit;\"><strong><span style=\"vertical-align: inherit;\"><span style=\"vertical-align: inherit;\"><span style=\"vertical-align: inherit;\">am unteren Augenlid?<\/span><\/span><\/span><\/strong><\/span><\/h3>\n<p><span style=\"vertical-align: inherit;\"><span style=\"vertical-align: inherit;\"><span style=\"vertical-align: inherit;\"><span style=\"vertical-align: inherit;\">Bei der \u00e4sthetischen Chirurgie des unteren Augenlids handelt es sich um einen chirurgischen Eingriff, der bei Personen durchgef\u00fchrt wird, die \u00fcber Tr\u00e4nens\u00e4cke, schlaffe Augenlider und tiefe Linien aufter und berners\u00fchr\u00fcdend de Linien aufter und Berens d\u00e4utens <\/span><\/span><\/span><span style=\"vertical-align: inherit;\"><span style=\"vertical-align: inherit;\"><span style=\"vertical-align: inherit;\">Ziel dieses chirurgischen Eingriffs ist die Entfernung des Fettgewebes, das zu Tr\u00e4nens\u00e4cken f\u00fchrt, die Straffung der schlaffen Haut und die Korrektur des Unterlids.<\/span><\/span><\/span><\/span><\/p>\n<p><span style=\"vertical-align: inherit;\"><span style=\"vertical-align: inherit;\"><span style=\"vertical-align: inherit;\"><span style=\"vertical-align: inherit;\">Obwohl es von Patient zu Patient unterschiedlich ist, ist diese Operation bei \u00e4sthetischen Operationen am unteren Augenlid in der Regel ab Mitte 30 erforderlich.<\/span><\/span><\/span><\/span><\/p>\n<h3><strong><span style=\"vertical-align: inherit;\"><span style=\"vertical-align: inherit;\"><span style=\"vertical-align: inherit;\"><span style=\"vertical-align: inherit;\">Bei wem kann die \u00e4sthetische Chirurgie <\/span><\/span><\/span><\/span><\/strong><span style=\"vertical-align: inherit;\"><strong><span style=\"vertical-align: inherit;\"><span style=\"vertical-align: inherit;\"><span style=\"vertical-align: inherit;\">der unteren Augenlider nicht angewendet werden <\/span><\/span><\/span><\/strong><\/span><strong><span style=\"vertical-align: inherit;\"><span style=\"vertical-align: inherit;\"><span style=\"vertical-align: inherit;\"><span style=\"vertical-align: inherit;\">?<\/span><\/span><\/span><\/span><\/strong><\/h3>\n<p><span style=\"vertical-align: inherit;\"><span style=\"vertical-align: inherit;\"><span style=\"vertical-align: inherit;\"><span style=\"vertical-align: inherit;\">Eine \u00e4sthetische Operation am unteren Augenlid kann nicht bei Menschen durchgef\u00fchrt werden, die an einer Krankheit leiden (z. B. Diabetes, Schilddr\u00fcse), die sich negativ auf den Heilungsprozess auswirkt, diese Medesig auswirkt, diese Medina Menswirkt ich negativ auf den Heilungsprozess auswarken, und bei Menschen mit schwerwiegenden Augenproblemen (z. B. Syndrom des trockenen Auges, Augendruck, Netzhautabl\u00f6sung). <\/span><\/span><\/span><span style=\"vertical-align: inherit;\"><span style=\"vertical-align: inherit;\"><span style=\"vertical-align: inherit;\">Dar\u00fcber hinaus wird dieser Betrieb nicht bei Personen unter 18 Jahren angewendet.<\/span><\/span><\/span><\/span><\/p>\n<h3><strong><span style=\"vertical-align: inherit;\"><span style=\"vertical-align: inherit;\"><span style=\"vertical-align: inherit;\"><span style=\"vertical-align: inherit;\">Wie l\u00e4uft der Vorbereitungsprozess f\u00fcr eine \u00e4sthetische Operation <\/span><\/span><\/span><\/span><\/strong><span style=\"vertical-align: inherit;\"><strong><span style=\"vertical-align: inherit;\"><span style=\"vertical-align: inherit;\"><span style=\"vertical-align: inherit;\">am unteren Augenlid ab <\/span><\/span><\/span><\/strong><\/span><strong><span style=\"vertical-align: inherit;\"><span style=\"vertical-align: inherit;\"><span style=\"vertical-align: inherit;\"><span style=\"vertical-align: inherit;\">?<\/span><\/span><\/span><\/span><\/strong><\/h3>\n<p><span style=\"vertical-align: inherit;\"><span style=\"vertical-align: inherit;\"><span style=\"vertical-align: inherit;\"><span style=\"vertical-align: inherit;\">Zur Vorbereitung auf eine plastische Operation am unteren Augenlid werden zun\u00e4chst eine Laboruntersuchung und eine medizinische Untersuchung durchgef\u00fchrt. <\/span><\/span><\/span><span style=\"vertical-align: inherit;\"><span style=\"vertical-align: inherit;\"><span style=\"vertical-align: inherit;\">Bei der \u00e4rztlichen Beurteilung werden dem Patienten Fragen wie fr\u00fchere Operationen, h\u00e4ufig verwendete Medikamente, Allergien gegen irgendetwas und das Vorliegen einer chronischen Erkrankung gestellt.<\/span><\/span><\/span><\/span><\/p>\n<p><span style=\"vertical-align: inherit;\"><span style=\"vertical-align: inherit;\">Nach der medizinischen Untersuchung erfolgt eine Laboruntersuchung. <\/span><span style=\"vertical-align: inherit;\">Im n\u00e4chsten Schritt werden die aktuell vom Patienten verwendeten Medikamente reguliert. <\/span><span style=\"vertical-align: inherit;\">Im letzten Stadium wird der Patient gewarnt, mit dem Rauchen aufzuh\u00f6ren und keine Medikamente wie Aspirin, entz\u00fcndungshemmende Mittel und pflanzliche Nahrungserg\u00e4nzungsmittel einzunehmen.<\/span><\/span><\/p>\n<h3><strong><span style=\"vertical-align: inherit;\"><span style=\"vertical-align: inherit;\">Wie verl\u00e4uft der Genesungsprozess nach einer \u00e4sthetischen Operation <\/span><\/span><\/strong><span style=\"vertical-align: inherit;\"><strong><span style=\"vertical-align: inherit;\">am unteren Augenlid <\/span><\/strong><\/span><strong><span style=\"vertical-align: inherit;\"><span style=\"vertical-align: inherit;\">?<\/span><\/span><\/strong><\/h3>\n<ul>\n<li><span style=\"vertical-align: inherit;\"><span style=\"vertical-align: inherit;\">Um trockene Augen nach der Operation zu vermeiden, werden k\u00fcnstliche Tr\u00e4nentropfen und Antibiotika-Cremes verabreicht. <\/span><span style=\"vertical-align: inherit;\">Achten Sie darauf, sie zu verwenden<\/span><\/span><\/li>\n<li><span style=\"vertical-align: inherit;\"><span style=\"vertical-align: inherit;\">Um starke Bluterg\u00fcsse und Schwellungen in der ersten Nacht nach der Operation zu vermeiden, sollte eine Kaltanwendung erfolgen.<\/span><\/span><\/li>\n<li><span style=\"vertical-align: inherit;\"><span style=\"vertical-align: inherit;\">M\u00f6gliche blaue Flecken und Schwellungen rund um die Augen verschwinden in der Regel innerhalb einer Woche von selbst.<\/span><\/span><\/li>\n<li><span style=\"vertical-align: inherit;\"><span style=\"vertical-align: inherit;\">Es ist wichtig, dass Patienten w\u00e4hrend der Erholungsphase nach der Operation beim Ausgehen eine Sonnenbrille tragen.<\/span><\/span><\/li>\n<li><span style=\"vertical-align: inherit;\"><span style=\"vertical-align: inherit;\">Am Ende der ersten Woche nach der Operation sollte der Patient zur Kontrolluntersuchung kommen.<\/span><\/span><\/li>\n<\/ul>\n<h3><strong><span style=\"vertical-align: inherit;\"><span style=\"vertical-align: inherit;\">Was ist nach einer \u00e4sthetischen <\/span><\/span><\/strong><span style=\"vertical-align: inherit;\"><strong><span style=\"vertical-align: inherit;\">Unterlidoperation <\/span><\/strong><\/span><strong><span style=\"vertical-align: inherit;\"><span style=\"vertical-align: inherit;\">zu beachten ?<\/span><\/span><\/strong><\/h3>\n<p><span style=\"vertical-align: inherit;\"><span style=\"vertical-align: inherit;\">In der ersten Woche nach der Operation ist es wichtig, dass die Patienten nicht mit dem Gesicht nach unten liegen und das Operationsgebiet keinem Druck aussetzen. <\/span><span style=\"vertical-align: inherit;\">Allerdings ist es in der ersten Woche sehr wichtig, die Augenpartie vor der Sonne zu sch\u00fctzen.<\/span><\/span><\/p>\n<p><span style=\"vertical-align: inherit;\"><span style=\"vertical-align: inherit;\">Bei einigen Patienten kann es nach der Operation zu Schwellungen und Bluterg\u00fcssen kommen. <\/span><span style=\"vertical-align: inherit;\">Diese Schwellungen und Bluterg\u00fcsse lassen sich durch regelm\u00e4\u00dfiges Auftragen kalter Kompressen leicht lindern.<\/span><\/span><\/p>\n<p><span style=\"vertical-align: inherit;\"><span style=\"vertical-align: inherit;\">Zur Linderung des Patienten k\u00f6nnen kalte Anwendungen und Gleitsalben oder in manchen F\u00e4llen das Abdecken der Augen mit Gaze empfohlen werden. <\/span><span style=\"vertical-align: inherit;\">Hierbei ist zu ber\u00fccksichtigen, dass die zu stellenden Antr\u00e4ge bewusst und im Einklang mit unseren Leitlinien gestellt werden sollten.<\/span><\/span><\/p>\n<p><span style=\"vertical-align: inherit;\"><span style=\"vertical-align: inherit;\">Postoperative Schwellungen, Bluterg\u00fcsse, trockene Augen und Reizungen sind m\u00f6gliche Erkrankungen. <\/span><span style=\"vertical-align: inherit;\">Es besteht kein Grund zur Sorge, da diese durch K\u00e4lteanwendungen, Medikamente und k\u00fcnstliche Tr\u00e4nentropfen verschwinden.<\/span><\/span><\/p>\n<h2><span style=\"vertical-align: inherit;\"><strong><span style=\"vertical-align: inherit;\">H\u00e4ufig gestellte Fragen zur <\/span><\/strong><\/span><strong><span style=\"vertical-align: inherit;\"><span style=\"vertical-align: inherit;\">\u00e4sthetischen Chirurgie <\/span><\/span><\/strong><span style=\"vertical-align: inherit;\"><strong><span style=\"vertical-align: inherit;\">des unteren Augenlids<\/span><\/strong><\/span><\/h2>\n<h3><span style=\"vertical-align: inherit;\"><strong><span style=\"vertical-align: inherit;\">Wann werden die <\/span><\/strong><strong><span style=\"vertical-align: inherit;\">Ergebnisse <\/span><\/strong><strong><span style=\"vertical-align: inherit;\">der <\/span><\/strong><\/span><strong><span style=\"vertical-align: inherit;\"><span style=\"vertical-align: inherit;\">\u00e4sthetischen <\/span><\/span><\/strong><span style=\"vertical-align: inherit;\"><strong><span style=\"vertical-align: inherit;\">Unterlidchirurgie <\/span><\/strong><strong><span style=\"vertical-align: inherit;\">sichtbar sein <\/span><\/strong><strong><span style=\"vertical-align: inherit;\">?<\/span><\/strong><\/span><\/h3>\n<p><span style=\"vertical-align: inherit;\"><span style=\"vertical-align: inherit;\">\u00c4sthetische Operationen am unteren Augenlid geh\u00f6ren zu den effektivsten \u00e4sthetischen Operationen, die in kurzer Zeit Ergebnisse erzielen. <\/span><span style=\"vertical-align: inherit;\">In der ersten Woche nach der Unterlidplastik schlie\u00dft der Heilungsprozess der Patienten ab und dann sind die endg\u00fcltigen Ergebnisse an den Augenlidern sichtbar. <\/span><span style=\"vertical-align: inherit;\">Bei manchen Patienten kann dieser Zeitraum bis zu 10\u201314 Tage betragen.<\/span><\/span><\/p>\n<h3><strong><span style=\"vertical-align: inherit;\"><span style=\"vertical-align: inherit;\">Was sind die Nebenwirkungen einer \u00e4sthetischen Operation <\/span><\/span><\/strong><span style=\"vertical-align: inherit;\"><strong><span style=\"vertical-align: inherit;\">am unteren Augenlid <\/span><\/strong><\/span><strong><span style=\"vertical-align: inherit;\"><span style=\"vertical-align: inherit;\">?<\/span><\/span><\/strong><\/h3>\n<p><span style=\"vertical-align: inherit;\"><span style=\"vertical-align: inherit;\">Das Risiko von Blutungen in der Augenhaut ist bei plastischen Operationen am unteren Augenlid eine zu erwartende Situation. <\/span><span style=\"vertical-align: inherit;\">Dar\u00fcber hinaus k\u00f6nnen Schwellungen, Bluterg\u00fcsse und trockene Augen auftreten. <\/span><span style=\"vertical-align: inherit;\">Dar\u00fcber hinaus besteht bei der Unterlidplastik, wie bei fast jeder Operation, ein Infektionsrisiko. <\/span><span style=\"vertical-align: inherit;\">Die Wahl eines erstklassigen Krankenhauses f\u00fcr die Operation minimiert jedoch das Infektionsrisiko erheblich.<\/span><\/span><\/p>\n<p><span style=\"vertical-align: inherit;\"><span style=\"vertical-align: inherit;\"><span style=\"vertical-align: inherit;\"><span style=\"vertical-align: inherit;\">Bei richtiger Planung und Anwendung kann eine \u00e4sthetische Operation am unteren Augenlid ohne Nebenwirkungen au\u00dfer teilweisen \u00d6demen und Bluterg\u00fcssen durchgef\u00fchrt werden.<\/span><\/span><\/span><\/span><\/p>\n<h3><strong><span style=\"vertical-align: inherit;\"><span style=\"vertical-align: inherit;\"><span style=\"vertical-align: inherit;\"><span style=\"vertical-align: inherit;\">Wie kann man Narben bei einer \u00e4sthetischen Operation am <\/span><\/span><\/span><\/span><\/strong><span style=\"vertical-align: inherit;\"><strong><span style=\"vertical-align: inherit;\"><span style=\"vertical-align: inherit;\"><span style=\"vertical-align: inherit;\">unteren Augenlid <\/span><\/span><\/span><\/strong><\/span><strong><span style=\"vertical-align: inherit;\"><span style=\"vertical-align: inherit;\"><span style=\"vertical-align: inherit;\"><span style=\"vertical-align: inherit;\">verbergen?<\/span><\/span><\/span><\/span><\/strong><\/h3>\n<p><span style=\"vertical-align: inherit;\"><span style=\"vertical-align: inherit;\"><span style=\"vertical-align: inherit;\"><span style=\"vertical-align: inherit;\">Bei der Unterlidplastik werden die Schnitte so angelegt, dass sie nicht sichtbar sind.<\/span><\/span><\/span><\/span><\/p>\n<p><span style=\"vertical-align: inherit;\"><span style=\"vertical-align: inherit;\"><span style=\"vertical-align: inherit;\"><span style=\"vertical-align: inherit;\">Bei der Unterlidplastik werden Hautschnitte in der Regel von der Unterseite der Wimpern vorgenommen. <\/span><\/span><\/span><span style=\"vertical-align: inherit;\"><span style=\"vertical-align: inherit;\"><span style=\"vertical-align: inherit;\">Dadurch wird eine m\u00f6gliche Operationsnarbe weitestgehend verhindert. <\/span><\/span><\/span><span style=\"vertical-align: inherit;\"><span style=\"vertical-align: inherit;\"><span style=\"vertical-align: inherit;\">Zus\u00e4tzlich kann ein Schnitt an der Innenseite des unteren Augenlids vorgenommen und \u00fcbersch\u00fcssige Haut entfernt werden. <\/span><\/span><\/span><span style=\"vertical-align: inherit;\"><span style=\"vertical-align: inherit;\"><span style=\"vertical-align: inherit;\">Dieser Weg bitte alternativer Weg.<\/span><\/span><\/span><\/span><\/p>\n","protected":false},"excerpt":{"rendered":"<p>Aufgrund des zunehmenden Alters und der Schwerkraft sind die Augenlider sehr anf\u00e4llig f\u00fcr Tr\u00e4nens\u00e4cke, Erschlaffungen, Falten und Streifenbildung. Diese Beschwerden wirken sich negativ auf das t\u00e4gliche Leben der Menschen aus, da sie das \u00e4sthetische Erscheinungsbild beeintr\u00e4chtigen und bei manchen Menschen auch das Sehverm\u00f6gen beeintr\u00e4chtigen. Viele Menschen, die unter diesen Problemen leiden, suchen nach einer L\u00f6sung [&hellip;]<\/p>\n","protected":false},"author":1,"featured_media":35,"comment_status":"open","ping_status":"open","sticky":false,"template":"","format":"standard","meta":{"footnotes":""},"categories":[3],"tags":[],"class_list":["post-34","post","type-post","status-publish","format-standard","has-post-thumbnail","hentry","category-gesichtsasthetik"],"_links":{"self":[{"href":"https:\/\/www.esracelik.com\/de\/wp-json\/wp\/v2\/posts\/34","targetHints":{"allow":["GET"]}}],"collection":[{"href":"https:\/\/www.esracelik.com\/de\/wp-json\/wp\/v2\/posts"}],"about":[{"href":"https:\/\/www.esracelik.com\/de\/wp-json\/wp\/v2\/types\/post"}],"author":[{"embeddable":true,"href":"https:\/\/www.esracelik.com\/de\/wp-json\/wp\/v2\/users\/1"}],"replies":[{"embeddable":true,"href":"https:\/\/www.esracelik.com\/de\/wp-json\/wp\/v2\/comments?post=34"}],"version-history":[{"count":4,"href":"https:\/\/www.esracelik.com\/de\/wp-json\/wp\/v2\/posts\/34\/revisions"}],"predecessor-version":[{"id":737,"href":"https:\/\/www.esracelik.com\/de\/wp-json\/wp\/v2\/posts\/34\/revisions\/737"}],"wp:featuredmedia":[{"embeddable":true,"href":"https:\/\/www.esracelik.com\/de\/wp-json\/wp\/v2\/media\/35"}],"wp:attachment":[{"href":"https:\/\/www.esracelik.com\/de\/wp-json\/wp\/v2\/media?parent=34"}],"wp:term":[{"taxonomy":"category","embeddable":true,"href":"https:\/\/www.esracelik.com\/de\/wp-json\/wp\/v2\/categories?post=34"},{"taxonomy":"post_tag","embeddable":true,"href":"https:\/\/www.esracelik.com\/de\/wp-json\/wp\/v2\/tags?post=34"}],"curies":[{"name":"wp","href":"https:\/\/api.w.org\/{rel}","templated":true}]}}