{"id":151,"date":"2023-05-18T19:14:53","date_gmt":"2023-05-18T16:14:53","guid":{"rendered":"https:\/\/www.esracelik.com\/de\/?p=151"},"modified":"2023-07-20T17:54:55","modified_gmt":"2023-07-20T14:54:55","slug":"wangenfullung","status":"publish","type":"post","link":"https:\/\/www.esracelik.com\/de\/wangenfullung\/","title":{"rendered":"Wangenf\u00fcllung"},"content":{"rendered":"<p><span style=\"vertical-align: inherit;\"><span style=\"vertical-align: inherit;\">Das Auff\u00fcllen der Wangen dient zur Behandlung altersbedingter Falten und zur Formung des Gesichts. Es handelt sich um eine nicht-chirurgische \u00e4sthetische Anwendung, die in den letzten Jahren vor allem bei Menschen mit diesen Problemen immer beliebter geworden ist.<\/span><\/span><\/p>\n<p><span style=\"vertical-align: inherit;\"><span style=\"vertical-align: inherit;\">Der Wangenf\u00fcller, der aufgetragen wird, um das gr\u00fcbchenartige Erscheinungsbild auf den Wangen einer schwachen Person zu beseitigen, reduziert Vertiefungen und Falten im Gesicht und sorgt f\u00fcr ein \u00e4sthetischeres und nat\u00fcrlicheres Aussehen dieses Bereichs.<\/span><\/span><\/p>\n<p><span style=\"vertical-align: inherit;\"><span style=\"vertical-align: inherit;\">Mit der richtigen Planung l\u00e4sst sich mit einer Wangenf\u00fcllung ein j\u00fcngeres Aussehen erzielen.<\/span><\/span><\/p>\n<h2><strong><span style=\"vertical-align: inherit;\"><span style=\"vertical-align: inherit;\">Was ist Wangenf\u00fcllung?<\/span><\/span><\/strong><\/h2>\n<p><span style=\"vertical-align: inherit;\"><span style=\"vertical-align: inherit;\">Bei der Wangenf\u00fcllung handelt es sich um eine nicht-chirurgische \u00e4sthetische F\u00fcllungsanwendung zur Behandlung von Vertiefungen und Falten im Gesicht, bei der Hautf\u00fcller auf Hyalurons\u00e4urebasis in die Haut injiziert werden, das Gesichtsoval wieder ein dreieckiges Aussehen erh\u00e4lt, der Volumenverlust in den Wangen wiederhergestellt und die Verformungen im Gesicht repariert werden.<\/span><\/span><\/p>\n<p><span style=\"vertical-align: inherit;\"><span style=\"vertical-align: inherit;\">Die Tatsache, dass es sich bei der Wangenf\u00fcllung um eine nicht-chirurgische, d.<\/span><\/span><\/p>\n<h2><strong><span style=\"vertical-align: inherit;\"><span style=\"vertical-align: inherit;\">Wie wird eine Wangenf\u00fcllung durchgef\u00fchrt?<\/span><\/span><\/strong><\/h2>\n<p><span style=\"vertical-align: inherit;\"><span style=\"vertical-align: inherit;\">Bei der Wangenf\u00fcllung handelt es sich um eine Anwendung mit Hyalurons\u00e4ure, die der Wangenpartie F\u00fclle verleiht und die Wangenknochen definiert. <\/span><span style=\"vertical-align: inherit;\">Die Wangenf\u00fcllung erfolgt wie bei anderen F\u00fcllungsanwendungen durch das Einstechen von Millimeternadeln in die Wange.<\/span><\/span><\/p>\n<p><span style=\"vertical-align: inherit;\"><span style=\"vertical-align: inherit;\">Vor Beginn der Anwendung werden dem Patienten Bet\u00e4ubungscremes aufgetragen, um die Schmerzen und Leiden des Patienten zu minimieren. <\/span><span style=\"vertical-align: inherit;\">Anschlie\u00dfend werden in der f\u00fcr die Anwendung festgelegten Geschwindigkeit und Menge Injektionen vorgenommen und die Wange aufgef\u00fcllt.<\/span><\/span><\/p>\n<p><span style=\"vertical-align: inherit;\"><span style=\"vertical-align: inherit;\">Injektionen mit Hyalurons\u00e4ure, die im Wangenbereich angewendet werden, wirken an der Injektionsstelle und sorgen f\u00fcr das gew\u00fcnschte Aussehen im gesamten Gesicht. <\/span><span style=\"vertical-align: inherit;\">Wangenf\u00fcller helfen dabei, Gr\u00fcbchen und Falten im Wangenbereich zu entfernen, den Wangenbereich aufzupolstern und die Wangenknochen runder und voller zu machen.<\/span><\/span><\/p>\n<p><span style=\"vertical-align: inherit;\"><span style=\"vertical-align: inherit;\">Diese durchschnittlich 15-20 Minuten dauernde Anwendung verursacht keine ernsthaften Komplikationen, da die in der Haut enthaltene Hyalurons\u00e4ure injiziert wird.<\/span><\/span><\/p>\n<p><span style=\"vertical-align: inherit;\"><span style=\"vertical-align: inherit;\">Wangenf\u00fcller zeigen ihre Wirkung bereits am Ende der ersten Woche nach der Anwendung. <\/span><span style=\"vertical-align: inherit;\">Die Dauerhaftigkeit dieser F\u00fcllungsanwendung, f\u00fcr die in der Regel eine einzige Sitzung ausreicht, variiert aufgrund des darin enthaltenen Hyalurons\u00e4uregehalts zwischen sechs und acht Monaten.<\/span><\/span><\/p>\n<p><span style=\"vertical-align: inherit;\"><span style=\"vertical-align: inherit;\">F\u00fcllungsanwendungen z\u00e4hlen zu den nicht-permanenten, nicht-chirurgischen \u00e4sthetischen Anwendungen. <\/span><span style=\"vertical-align: inherit;\">Nach Ablauf dieser Verweildauer, die je nach Hautstruktur, Hautbeschaffenheit, Gewebezustand, Alter und Geschlecht der Person variiert, k\u00f6nnen F\u00fcllanwendungen wiederholt werden.<\/span><\/span><\/p>\n<h3><span style=\"vertical-align: inherit;\"><strong><span style=\"vertical-align: inherit;\">Wer sind geeignete Kandidaten f\u00fcr <\/span><\/strong><\/span><strong><span style=\"vertical-align: inherit;\"><span style=\"vertical-align: inherit;\">eine Wangenf\u00fcllung <\/span><\/span><\/strong><span style=\"vertical-align: inherit;\"><strong><span style=\"vertical-align: inherit;\">?<\/span><\/strong><\/span><\/h3>\n<p><span style=\"vertical-align: inherit;\"><span style=\"vertical-align: inherit;\">Eine Wangenauff\u00fcllung wird durchgef\u00fchrt, um Symmetriest\u00f6rungen zu beseitigen, Wangenvertiefungen zu beseitigen, die Gesichtssymmetrie auszugleichen, Gesichtsfalten zu entfernen, den Wangen ein kr\u00e4ftigeres Aussehen zu verleihen und die Wangenknochen zu definieren.<\/span><\/span><\/p>\n<p><span style=\"vertical-align: inherit;\"><span style=\"vertical-align: inherit;\">Die Wangenf\u00fcllung kann je nach k\u00f6rperlichen Merkmalen bei Menschen angewendet werden, die Gr\u00fcbchen, schlaffe Stellen oder Falten im Wangenbereich haben, sowie bei Menschen, deren Wangenknochen oder Wangenbereich nicht hervortreten. <\/span><span style=\"vertical-align: inherit;\">Die Wangenf\u00fcllung kann bei sehr d\u00fcnnen Personen oder Personen, die k\u00fcrzlich \u00fcberm\u00e4\u00dfiges Gewicht verloren haben, unter \u00e4rztlicher Aufsicht angewendet werden.<\/span><\/span><\/p>\n<h3><strong><span style=\"vertical-align: inherit;\"><span style=\"vertical-align: inherit;\">Wer kann keine Wangenf\u00fcllung haben?<\/span><\/span><\/strong><\/h3>\n<p><span style=\"vertical-align: inherit;\"><span style=\"vertical-align: inherit;\">Wangenf\u00fcller k\u00f6nnen nicht bei schwangeren Frauen, stillenden M\u00fcttern, Menschen mit einigen schweren chronischen Krankheiten, Menschen mit Hautkrankheiten, Menschen mit Hautkrebs, Personen mit aktiven Infektionen im Anwendungsbereich und Personen, die m\u00f6glicherweise allergisch auf Wangenf\u00fcller reagieren, angewendet werden. <\/span><span style=\"vertical-align: inherit;\">Vor der Anwendung wird durch den Facharzt festgestellt, ob die Person f\u00fcr eine Wangenf\u00fcllung geeignet ist.<\/span><\/span><\/p>\n<h3><strong><span style=\"vertical-align: inherit;\"><span style=\"vertical-align: inherit;\">Welche Anwendungen k\u00f6nnen mit der Wangenf\u00fcllung kombiniert werden?<\/span><\/span><\/strong><\/h3>\n<p><span style=\"vertical-align: inherit;\"><span style=\"vertical-align: inherit;\">Da es sich bei allen F\u00fcllanwendungen und allen Botox-Anwendungen um Anwendungen handelt, die mit sehr kleinen und d\u00fcnnen Millimeternadeln durchgef\u00fchrt werden, kann eine Kombination dieser Anwendungen nicht schaden. <\/span><span style=\"vertical-align: inherit;\">Da diese Anwendungen das soziale Leben nicht beeintr\u00e4chtigen und es sich um unkomplizierte, nicht-chirurgische \u00e4sthetische Anwendungen handelt, sind sie sehr komfortabel und k\u00f6nnen vorzugsweise miteinander durchgef\u00fchrt werden.<\/span><\/span><\/p>\n<p><span style=\"vertical-align: inherit;\"><span style=\"vertical-align: inherit;\">Die h\u00e4ufigsten F\u00fcllungsanwendungen bei einer Wangenvergr\u00f6\u00dferung sind die Kieferkinnauff\u00fcllung und die Lippenvergr\u00f6\u00dferung, da bei der Wangenauff\u00fcllung Asymmetrien, Falten und Dellen in der Wange entfernt werden, bei der Kieferkinnauff\u00fcllung dem Kinn eine bestimmte Linie verliehen werden soll und bei der Lippenvergr\u00f6\u00dferung die Lippen durch die Gewinnung eines bestimmten Volumens geformt werden sollen. <\/span><span style=\"vertical-align: inherit;\">Mit anderen Worten: Wenn diese drei F\u00fcllanwendungen zusammen durchgef\u00fchrt werden, erh\u00e4lt das Gesicht ein \u00e4sthetisches Aussehen und erh\u00e4lt das von den Personen, die diese Anwendung durchf\u00fchren lassen, gew\u00fcnschte Aussehen.<\/span><\/span><\/p>\n<p><span style=\"vertical-align: inherit;\"><span style=\"vertical-align: inherit;\">Die h\u00e4ufigsten Botox-Anwendungen mit Wangenf\u00fcllern sind Botox-Anwendungen im Stirn- und Schl\u00e4fenbereich und Botox-Anwendungen im Kinnbereich, da der Zweck von Wangenf\u00fcllern darin besteht, Falten auf der Haut zu entfernen und durch Kl\u00e4rung der Wangenknochen eine Gesichtslinie zu erzielen.<\/span><\/span><\/p>\n<p><span style=\"vertical-align: inherit;\"><span style=\"vertical-align: inherit;\">Die Person, die die Wangenf\u00fcllung durchf\u00fchren l\u00e4sst, sollte diese Situation vor der Anwendung ihrem Arzt mitteilen, unabh\u00e4ngig davon, welche Anwendung sie in Kombination mit dieser Anwendung durchf\u00fchren m\u00f6chte, da die Behandlungsplanung entsprechend erfolgt.<\/span><\/span><\/p>\n<p><span style=\"vertical-align: inherit;\"><span style=\"vertical-align: inherit;\">Die Hautstruktur, der Zustand des Gewebes, die Empfindlichkeit und das Alter der Person, bei der die Anwendung in Kombination mit der Wangenf\u00fcllung durchgef\u00fchrt wird, sind sehr wichtig. <\/span><span style=\"vertical-align: inherit;\">Der Arzt f\u00fchrt die Behandlungsplanung durch, indem er diese Merkmale der Person ber\u00fccksichtigt. <\/span><span style=\"vertical-align: inherit;\">Bei Menschen mit empfindlicher Haut kann die Wangenauff\u00fcllung alleine durchgef\u00fchrt werden.<\/span><\/span><\/p>\n<h2><strong><span style=\"vertical-align: inherit;\"><span style=\"vertical-align: inherit;\">H\u00e4ufig gestellte Fragen zur Wangenf\u00fcllung<\/span><\/span><\/strong><\/h2>\n<h3><span style=\"vertical-align: inherit;\"><span style=\"vertical-align: inherit;\">Was ist die Altersgrenze f\u00fcr eine Wangenf\u00fcllung?<\/span><\/span><\/h3>\n<p><span style=\"vertical-align: inherit;\"><span style=\"vertical-align: inherit;\">Damit eine Wangenf\u00fcllung durchgef\u00fchrt werden kann, m\u00fcssen Personen, die die Anwendung durchf\u00fchren lassen m\u00f6chten, \u00fcber 18 Jahre alt sein. <\/span><span style=\"vertical-align: inherit;\">Da das 18. Lebensjahr mit dem Alter zusammenf\u00e4llt, in dem die K\u00f6rperentwicklung abgeschlossen ist, k\u00f6nnen F\u00fcllungen vor diesem Alter ein Risiko darstellen. <\/span><span style=\"vertical-align: inherit;\">Bei der Wangenf\u00fcllung handelt es sich um eine F\u00fcllungsanwendung, die \u00fcblicherweise im Alter zwischen 25 und 30 Jahren durchgef\u00fchrt wird.<\/span><\/span><\/p>\n<h3><span style=\"vertical-align: inherit;\"><span style=\"vertical-align: inherit;\">Ist die Wangenf\u00fcllung eine schmerzhafte Anwendung?<\/span><\/span><\/h3>\n<p><span style=\"vertical-align: inherit;\"><span style=\"vertical-align: inherit;\">Die Wangenf\u00fcllung erfolgt durch Injektion sehr kleiner und d\u00fcnner Millimeternadeln in die vor der Anwendung im Wangenbereich festgelegten Bereiche.<\/span><\/span><\/p>\n<p><span style=\"vertical-align: inherit;\"><span style=\"vertical-align: inherit;\">Da Bet\u00e4ubungscremes aufgetragen werden, um die Schmerzen und das Schmerzempfinden der Person vor der Anwendung zu minimieren, sind w\u00e4hrend der Anwendung keine Schmerzen zu erwarten. <\/span><span style=\"vertical-align: inherit;\">Minimale Schmerzen sind nur dann zu beobachten, wenn die Person, die die Anwendung durchf\u00fchrt, eine sehr empfindliche Hautstruktur hat. <\/span><span style=\"vertical-align: inherit;\">Es gibt keine Schmerzen oder Schmerzen nach der Wangenf\u00fcllung.<\/span><\/span><\/p>\n<h3><span style=\"vertical-align: inherit;\"><span style=\"vertical-align: inherit;\">Wann kehren Sie nach der Wangenf\u00fcllung ins soziale Leben zur\u00fcck?<\/span><\/span><\/h3>\n<p><span style=\"vertical-align: inherit;\"><span style=\"vertical-align: inherit;\">Nach der Wangenf\u00fcllung bleibt keine Zeit, auf die R\u00fcckkehr ins soziale Leben zu warten. <\/span><span style=\"vertical-align: inherit;\">Obwohl es w\u00e4hrend der Anwendung selten auftritt, k\u00f6nnen Nebenwirkungen wie leichte Blutungen, R\u00f6tungen und Bluterg\u00fcsse an den Anwendungsbereichen auftreten, und diese Nebenwirkungen k\u00f6nnen noch eine Weile nach der Anwendung anhalten. <\/span><span style=\"vertical-align: inherit;\">Daher ist es notwendig, an den Anwendungsstellen kalte Kompressen anzulegen. <\/span><span style=\"vertical-align: inherit;\">Manche Menschen legen m\u00f6glicherweise ein bis zwei Tage lang eine Pause von ihrem sozialen Leben ein, damit diese Nebenwirkungen vor\u00fcbergehen. <\/span><span style=\"vertical-align: inherit;\">Ansonsten besteht keine Notwendigkeit, eine Pause vom gesellschaftlichen Leben einzulegen.<\/span><\/span><\/p>\n<h3><span style=\"vertical-align: inherit;\"><span style=\"vertical-align: inherit;\">Was ist nach der Anwendung einer Wangenf\u00fcllung zu beachten?<\/span><\/span><\/h3>\n<p><span style=\"vertical-align: inherit;\"><span style=\"vertical-align: inherit;\">Blutverd\u00fcnner wie Aspirin sollten nach der Wangenf\u00fcllung zwei Wochen lang nicht verwendet werden, die ersten 1-2 Stunden nach der Anwendung sollten in aufrechter Position gehalten werden, nicht im Liegen, schwere k\u00f6rperliche Bet\u00e4tigung sollte am Tag der Anwendung vermieden werden, Hautpflege und Make-up sollten nicht aufgetragen werden, sollte nicht an infektionsgef\u00e4hrdeten Orten wie Schwimmb\u00e4dern durchgef\u00fchrt werden, sollte nicht in hei\u00dfen Umgebungen wie Sauna, t\u00fcrkischem Bad, Solarium, Spa verwendet werden, Sonnenschutzcremes sollten verwendet werden, sollte nicht f\u00fcr l\u00e4ngere Zeit in der Sonne bleiben, sollte kein Kaffee konsumiert werden Ininhaltige Lebensmittel und Zigaretten sowie \u00fcberm\u00e4\u00dfig hei\u00dfe Speisen und Getr\u00e4nke sollten vermieden werden.<\/span><\/span><\/p>\n","protected":false},"excerpt":{"rendered":"<p>Das Auff\u00fcllen der Wangen dient zur Behandlung altersbedingter Falten und zur Formung des Gesichts. Es handelt sich um eine nicht-chirurgische \u00e4sthetische Anwendung, die in den letzten Jahren vor allem bei Menschen mit diesen Problemen immer beliebter geworden ist. Der Wangenf\u00fcller, der aufgetragen wird, um das gr\u00fcbchenartige Erscheinungsbild auf den Wangen einer schwachen Person zu beseitigen, [&hellip;]<\/p>\n","protected":false},"author":1,"featured_media":152,"comment_status":"open","ping_status":"open","sticky":false,"template":"","format":"standard","meta":{"footnotes":""},"categories":[7],"tags":[],"class_list":["post-151","post","type-post","status-publish","format-standard","has-post-thumbnail","hentry","category-nicht-chirurgische-hautanwendungen"],"_links":{"self":[{"href":"https:\/\/www.esracelik.com\/de\/wp-json\/wp\/v2\/posts\/151","targetHints":{"allow":["GET"]}}],"collection":[{"href":"https:\/\/www.esracelik.com\/de\/wp-json\/wp\/v2\/posts"}],"about":[{"href":"https:\/\/www.esracelik.com\/de\/wp-json\/wp\/v2\/types\/post"}],"author":[{"embeddable":true,"href":"https:\/\/www.esracelik.com\/de\/wp-json\/wp\/v2\/users\/1"}],"replies":[{"embeddable":true,"href":"https:\/\/www.esracelik.com\/de\/wp-json\/wp\/v2\/comments?post=151"}],"version-history":[{"count":2,"href":"https:\/\/www.esracelik.com\/de\/wp-json\/wp\/v2\/posts\/151\/revisions"}],"predecessor-version":[{"id":785,"href":"https:\/\/www.esracelik.com\/de\/wp-json\/wp\/v2\/posts\/151\/revisions\/785"}],"wp:featuredmedia":[{"embeddable":true,"href":"https:\/\/www.esracelik.com\/de\/wp-json\/wp\/v2\/media\/152"}],"wp:attachment":[{"href":"https:\/\/www.esracelik.com\/de\/wp-json\/wp\/v2\/media?parent=151"}],"wp:term":[{"taxonomy":"category","embeddable":true,"href":"https:\/\/www.esracelik.com\/de\/wp-json\/wp\/v2\/categories?post=151"},{"taxonomy":"post_tag","embeddable":true,"href":"https:\/\/www.esracelik.com\/de\/wp-json\/wp\/v2\/tags?post=151"}],"curies":[{"name":"wp","href":"https:\/\/api.w.org\/{rel}","templated":true}]}}