{"id":130,"date":"2023-05-18T19:05:12","date_gmt":"2023-05-18T16:05:12","guid":{"rendered":"https:\/\/www.esracelik.com\/de\/?p=130"},"modified":"2023-07-20T17:53:38","modified_gmt":"2023-07-20T14:53:38","slug":"schlafenaufhangungsoperation","status":"publish","type":"post","link":"https:\/\/www.esracelik.com\/de\/schlafenaufhangungsoperation\/","title":{"rendered":"Schl\u00e4fenaufh\u00e4ngungsoperation"},"content":{"rendered":"<p><span style=\"vertical-align: inherit;\"><span style=\"vertical-align: inherit;\"><span style=\"vertical-align: inherit;\"><span style=\"vertical-align: inherit;\">Der Grund daf\u00fcr, dass die Person \u00e4lter ist oder \u00e4lter aussieht als sie ist, zeigt sich meist in Falten im Schl\u00e4fen- und Stirnbereich. <\/span><\/span><\/span><span style=\"vertical-align: inherit;\"><span style=\"vertical-align: inherit;\"><span style=\"vertical-align: inherit;\">Falten, die aus verschiedenen Gr\u00fcnden entstehen und sich im Laufe der Zeit an der Stelle festsetzen, an der sie entstehen, werden f\u00fcr viele Menschen zu einem \u00e4sthetischen Problem. <\/span><\/span><\/span><span style=\"vertical-align: inherit;\"><span style=\"vertical-align: inherit;\"><span style=\"vertical-align: inherit;\">Mit dem heutigen Stand der Technik ergeben sich vielf\u00e4ltige Anwendungspr\u00e4ferenzen f\u00fcr dieses Beschwerdebild, das nicht nur bei Frauen, sondern auch bei M\u00e4nnern auftritt.<\/span><\/span><\/span><\/span><\/p>\n<h2><strong><span style=\"vertical-align: inherit;\"><span style=\"vertical-align: inherit;\"><span style=\"vertical-align: inherit;\"><span style=\"vertical-align: inherit;\">Was ist eine Schl\u00e4fenaufh\u00e4ngungsoperation?<\/span><\/span><\/span><\/span><\/strong><\/h2>\n<p><span style=\"vertical-align: inherit;\"><span style=\"vertical-align: inherit;\"><span style=\"vertical-align: inherit;\"><span style=\"vertical-align: inherit;\">Ziel der Schl\u00e4fensuspension ist die Beseitigung feiner Linien und F\u00e4ltchen im Schl\u00e4fen- und Stirnbereich. <\/span><\/span><\/span><span style=\"vertical-align: inherit;\"><span style=\"vertical-align: inherit;\"><span style=\"vertical-align: inherit;\">Ein jugendliches Aussehen erh\u00e4lt man durch das Anheben der heruntergefallenen Augenbrauen. <\/span><\/span><\/span><span style=\"vertical-align: inherit;\"><span style=\"vertical-align: inherit;\"><span style=\"vertical-align: inherit;\">Bei Menschen mit \u00fcberm\u00e4\u00dfiger Erschlaffung im Stirn- und Schl\u00e4fenbereich kann ein Teil der Haut entfernt werden, um diese Erschlaffung zu beseitigen. <\/span><\/span><\/span><span style=\"vertical-align: inherit;\"><span style=\"vertical-align: inherit;\"><span style=\"vertical-align: inherit;\">In diesem Fall kann eine Stirn- und Schl\u00e4fendehnungsoperation durchgef\u00fchrt werden.<\/span><\/span><\/span><\/span><\/p>\n<p><span style=\"vertical-align: inherit;\"><span style=\"vertical-align: inherit;\"><span style=\"vertical-align: inherit;\"><span style=\"vertical-align: inherit;\">Bei der Schl\u00e4fenaufh\u00e4ngung wird 4\u20135 cm hinter dem vorderen Haaransatz ein kronenf\u00f6rmiger Schnitt in die Kopfhaut gesetzt. <\/span><\/span><\/span><span style=\"vertical-align: inherit;\"><span style=\"vertical-align: inherit;\"><span style=\"vertical-align: inherit;\">Anschlie\u00dfend wird die als \u00fcbersch\u00fcssige Haut festgestellte Haut an diesem Bereich entfernt, die verbleibende Stirn- und Schl\u00e4fenhaut abgezogen und die Operation abgeschlossen.<\/span><\/span><\/span><\/span><\/p>\n<h2><span style=\"vertical-align: inherit;\"><strong><span style=\"vertical-align: inherit;\"><span style=\"vertical-align: inherit;\"><span style=\"vertical-align: inherit;\">Was ist Temporales Asma bei <\/span><\/span><\/span><\/strong><strong><span style=\"vertical-align: inherit;\"><span style=\"vertical-align: inherit;\"><span style=\"vertical-align: inherit;\">endoskopischen <\/span><\/span><\/span><\/strong><\/span><strong><span style=\"vertical-align: inherit;\"><span style=\"vertical-align: inherit;\"><span style=\"vertical-align: inherit;\"><span style=\"vertical-align: inherit;\">Methoden?<\/span><\/span><\/span><\/span><\/strong><\/h2>\n<p><span style=\"vertical-align: inherit;\"><span style=\"vertical-align: inherit;\"><span style=\"vertical-align: inherit;\"><span style=\"vertical-align: inherit;\">Bei Personen, die keine Entfernung \u00fcberm\u00e4\u00dfiger Haut erforderlich ist, kann die Anwendung einer Schl\u00e4fensuspension auch endoskopisch erfolgen. <\/span><\/span><\/span><span style=\"vertical-align: inherit;\"><span style=\"vertical-align: inherit;\"><span style=\"vertical-align: inherit;\">Der Vorteil der Schl\u00e4fensuspension, die mit endoskopischen Methoden durchgef\u00fchrt wird, gegen\u00fcber der Schl\u00e4fensuspensionsoperation besteht darin, dass der Schnitt nicht von einer Seite zur anderen erfolgt.<\/span><\/span><\/span><\/span><\/p>\n<p><span style=\"vertical-align: inherit;\"><span style=\"vertical-align: inherit;\"><span style=\"vertical-align: inherit;\"><span style=\"vertical-align: inherit;\">Bei endoskopischen Methoden werden drei oder vier zwei cm lange Schnitte in der Kopfhaut vorgenommen und die Anwendung durchgef\u00fchrt. <\/span><\/span><\/span><span style=\"vertical-align: inherit;\"><span style=\"vertical-align: inherit;\"><span style=\"vertical-align: inherit;\">Bei dieser Anwendung wird durch die endoskopische Kamera der hintere Teil der Augenbraue am Knochen fixiert, die Haut im Schl\u00e4fenbereich und der Teil am \u00e4u\u00dferen Rand des Augapfels werden fixiert. <\/span><\/span><\/span><span style=\"vertical-align: inherit;\"><span style=\"vertical-align: inherit;\"><span style=\"vertical-align: inherit;\">Der Grund f\u00fcr die Fixierung des Schl\u00e4fenbereichs, des hinteren Teils der Augenbrauen und des Augapfels besteht darin, Muden Menschen ein junges und kr\u00e4ftiges Aussehen zu verleihen.<\/span><\/span><\/span><\/span><\/p>\n<h3><strong><span style=\"vertical-align: inherit;\"><span style=\"vertical-align: inherit;\"><span style=\"vertical-align: inherit;\"><span style=\"vertical-align: inherit;\">Was ist \u015eakak Asma mit <\/span><\/span><\/span><\/span><\/strong><strong><span style=\"vertical-align: inherit;\"><span style=\"vertical-align: inherit;\"><span style=\"vertical-align: inherit;\"><span style=\"vertical-align: inherit;\">einem Seil <\/span><\/span><\/span><\/span><\/strong><strong><span style=\"vertical-align: inherit;\"><span style=\"vertical-align: inherit;\"><span style=\"vertical-align: inherit;\"><span style=\"vertical-align: inherit;\">?<\/span><\/span><\/span><\/span><\/strong><\/h3>\n<p><span style=\"vertical-align: inherit;\"><span style=\"vertical-align: inherit;\"><span style=\"vertical-align: inherit;\"><span style=\"vertical-align: inherit;\">Eine weitere Methode zum Aufh\u00e4ngen von Tempeln, die die aktuelle Technologie mit sich bringt, ist das Aufh\u00e4ngen von Tempeln mit einem Seil. <\/span><\/span><\/span><span style=\"vertical-align: inherit;\"><span style=\"vertical-align: inherit;\"><span style=\"vertical-align: inherit;\">Beim Schl\u00e4fenaufh\u00e4ngen mit Faden handelt es sich nicht um eine chirurgische Methode, sondern um eine Anwendung, bei der Stirn und Schl\u00e4fe mit speziell f\u00fcr diese Anwendung entwickelten sezackten F\u00e4den nach oben gewendet werden.<\/span><\/span><\/span><\/span><\/p>\n<p><span style=\"vertical-align: inherit;\"><span style=\"vertical-align: inherit;\"><span style=\"vertical-align: inherit;\"><span style=\"vertical-align: inherit;\">Bei der Schl\u00e4fenseil-H\u00e4ngeanwendung wird zun\u00e4chst eine Lokalan\u00e4sthesie auf die Schl\u00e4fen und den Stirnbereich aufgetragen, damit der Patient keine Schmerzen und Schmerzen versp\u00fcrt. <\/span><\/span><\/span><span style=\"vertical-align: inherit;\"><span style=\"vertical-align: inherit;\"><span style=\"vertical-align: inherit;\">Anschlie\u00dfend wird das Seil vom Schl\u00e4fenbereich aus unter die Haut gelegt und nach oben gespannt. <\/span><\/span><\/span><span style=\"vertical-align: inherit;\"><span style=\"vertical-align: inherit;\"><span style=\"vertical-align: inherit;\">Nachdem der Dehnvorgang durchgef\u00fchrt wurde, werden die \u00e4u\u00dferen Teile des Seils abgeschnitten und die Anwendung ist abgeschlossen. <\/span><\/span><\/span><span style=\"vertical-align: inherit;\"><span style=\"vertical-align: inherit;\"><span style=\"vertical-align: inherit;\">Das Aufh\u00e4ngen von Schl\u00e4fen mit Faden ist eine von der FDA zugelassene Anwendung.<\/span><\/span><\/span><\/span><\/p>\n<p><span style=\"vertical-align: inherit;\"><span style=\"vertical-align: inherit;\"><span style=\"vertical-align: inherit;\"><span style=\"vertical-align: inherit;\">Anwendungen zum Aufh\u00e4ngen an der Schl\u00e4fe sind Anwendungen, die unter Vollnarkose oder tier\u00e4rztlicher Bet\u00e4ubung und im Krankenhausumfeld durchgef\u00fchrt werden sollten. <\/span><\/span><\/span><span style=\"vertical-align: inherit;\"><span style=\"vertical-align: inherit;\"><span style=\"vertical-align: inherit;\">Nach diesen Anwendungen, die im Durchschnitt 1,5 bis 2 Stunden dauern, ist kein station\u00e4rer Aufenthalt des Patienten zu erwarten und der Patient wird am selben Tag wie die Anwendung entlassen.<\/span><\/span><\/span><\/span><\/p>\n<h3><strong><span style=\"vertical-align: inherit;\"><span style=\"vertical-align: inherit;\"><span style=\"vertical-align: inherit;\"><span style=\"vertical-align: inherit;\">Was ist der Wirkmechanismus des Tempelbergs?<\/span><\/span><\/span><\/span><\/strong><\/h3>\n<p><span style=\"vertical-align: inherit;\"><span style=\"vertical-align: inherit;\"><span style=\"vertical-align: inherit;\"><span style=\"vertical-align: inherit;\">Der Wirkungsmechanismus der Schl\u00e4fenaufh\u00e4ngung mit Seil h\u00e4ngt von den Eigenschaften der bei der Anwendung verwendeten Seile ab. <\/span><\/span><\/span><span style=\"vertical-align: inherit;\"><span style=\"vertical-align: inherit;\"><span style=\"vertical-align: inherit;\">Diese F\u00e4den, die eine selbstschmelzende Eigenschaft in der Haut haben, lassen dank ihrer gozackten Eigenschaft nach dem Auftragen keine Schl\u00e4fenfalten zu.<\/span><\/span><\/span><\/span><\/p>\n<p><span style=\"vertical-align: inherit;\"><span style=\"vertical-align: inherit;\"><span style=\"vertical-align: inherit;\"><span style=\"vertical-align: inherit;\">Die F\u00e4den aktivieren Kollagen und Fibroblasten in der Haut und erzeugen einen Lifting-Effekt im Schl\u00e4fen- und Stirnbereich. <\/span><\/span><\/span><span style=\"vertical-align: inherit;\"><span style=\"vertical-align: inherit;\"><span style=\"vertical-align: inherit;\">Aufgrund der organischen Eigenschaften dieser F\u00e4den ist au\u00dferdem die Wirkung der F\u00e4den auf das Bindegewebe sehr effektiv.<\/span><\/span><\/span><\/span><\/p>\n<h3><strong><span style=\"vertical-align: inherit;\"><span style=\"vertical-align: inherit;\"><span style=\"vertical-align: inherit;\"><span style=\"vertical-align: inherit;\">F\u00fcr wen <\/span><\/span><\/span><\/span><\/strong><span style=\"vertical-align: inherit;\"><strong><span style=\"vertical-align: inherit;\"><span style=\"vertical-align: inherit;\"><span style=\"vertical-align: inherit;\">ist<\/span><\/span><\/span><\/strong><\/span><strong><span style=\"vertical-align: inherit;\"><span style=\"vertical-align: inherit;\"><span style=\"vertical-align: inherit;\"> Schl\u00e4fenaufh\u00e4ngungsoperation <\/span><\/span><\/span><\/strong><strong><span style=\"vertical-align: inherit;\"><span style=\"vertical-align: inherit;\"><span style=\"vertical-align: inherit;\"><span style=\"vertical-align: inherit;\">geeignet?<\/span><\/span><\/span><\/span><\/strong><\/h3>\n<p><span style=\"vertical-align: inherit;\"><span style=\"vertical-align: inherit;\"><span style=\"vertical-align: inherit;\"><span style=\"vertical-align: inherit;\">Tempor\u00e4re Suspensionsanwendungen werden bei Personen mit tiefen Linien, Falten und Erschlaffungen im Stirn- und Schl\u00e4fenbereich sowie bei Personen mit tiefliegenden Augenbrauen angewendet. <\/span><\/span><\/span><span style=\"vertical-align: inherit;\"><span style=\"vertical-align: inherit;\"><span style=\"vertical-align: inherit;\">F\u00fcr diese Bewerbungen ist es nicht erforderlich, m\u00e4nnlich oder weiblich zu sein. <\/span><\/span><\/span><span style=\"vertical-align: inherit;\"><span style=\"vertical-align: inherit;\"><span style=\"vertical-align: inherit;\">Diese Anwendungen, die im Allgemeinen bei Menschen ab 40 Jahren angewendet werden, k\u00f6nnen bei Menschen mit genetischen und strukturellen Problemen in einem j\u00fcngeren Alter angewendet werden.<\/span><\/span><\/span><\/span><\/p>\n<p><img loading=\"lazy\" decoding=\"async\" class=\"alignnone size-full wp-image-131\" src=\"https:\/\/www.esracelik.com\/de\/wp-content\/uploads\/2023\/05\/04_04_B.jpg\" alt=\"\" width=\"350\" height=\"465\" srcset=\"https:\/\/www.esracelik.com\/de\/wp-content\/uploads\/2023\/05\/04_04_B.jpg 350w, https:\/\/www.esracelik.com\/de\/wp-content\/uploads\/2023\/05\/04_04_B-226x300.jpg 226w\" sizes=\"auto, (max-width: 350px) 100vw, 350px\" \/><\/p>\n<h3><strong><span style=\"vertical-align: inherit;\"><span style=\"vertical-align: inherit;\"><span style=\"vertical-align: inherit;\"><span style=\"vertical-align: inherit;\">Wann kehren Sie nach Temple Asma ins gesellschaftliche Leben <\/span><\/span><\/span><\/span><\/strong><strong><span style=\"vertical-align: inherit;\"><span style=\"vertical-align: inherit;\"><span style=\"vertical-align: inherit;\"><span style=\"vertical-align: inherit;\">zur\u00fcck <\/span><\/span><\/span><\/span><\/strong><strong><span style=\"vertical-align: inherit;\"><span style=\"vertical-align: inherit;\"><span style=\"vertical-align: inherit;\"><span style=\"vertical-align: inherit;\">?<\/span><\/span><\/span><\/span><\/strong><\/h3>\n<p><span style=\"vertical-align: inherit;\"><span style=\"vertical-align: inherit;\"><span style=\"vertical-align: inherit;\"><span style=\"vertical-align: inherit;\">Es sollte ein Tag abgewartet werden, bis man nach dem Tempelh\u00e4ngen mit einem Seil wieder ins gesellschaftliche Leben und zur Arbeit zur\u00fcckkehren kann. <\/span><\/span><\/span><span style=\"vertical-align: inherit;\"><span style=\"vertical-align: inherit;\"><span style=\"vertical-align: inherit;\">Es reicht aus, sich am \u00dcbungstag einfach eine Auszeit von der Arbeit zu nehmen. <\/span><\/span><\/span><span style=\"vertical-align: inherit;\"><span style=\"vertical-align: inherit;\"><span style=\"vertical-align: inherit;\">Diese untert\u00f6rtlicher Bet\u00e4ubung durchgef\u00fchrte Anwendung dauert eine halbe Stunde.<\/span><\/span><\/span><\/span><\/p>\n<p><span style=\"vertical-align: inherit;\"><span style=\"vertical-align: inherit;\"><span style=\"vertical-align: inherit;\"><span style=\"vertical-align: inherit;\">Die Anwendung einer Augenbrauensuspension mit endoskopischen Methoden ist eine Anwendung, die unter k\u00f6tlicher Bet\u00e4ubung erfolgt und eine Stunde dauert. <\/span><\/span><\/span><span style=\"vertical-align: inherit;\"><span style=\"vertical-align: inherit;\"><span style=\"vertical-align: inherit;\">Bei dieser Methode sollten Sie sich nach dem Augenbrauenh\u00e4ngen zwei Tage ausruhen und anschlie\u00dfend Ihr soziales Leben fortsetzen.<\/span><\/span><\/span><\/span><\/p>\n<h3><span style=\"vertical-align: inherit;\"><strong><span style=\"vertical-align: inherit;\"><span style=\"vertical-align: inherit;\"><span style=\"vertical-align: inherit;\">Wie lange dauert die Erholungsphase <\/span><\/span><\/span><\/strong><\/span><strong><span style=\"vertical-align: inherit;\"><span style=\"vertical-align: inherit;\"><span style=\"vertical-align: inherit;\"><span style=\"vertical-align: inherit;\">nach <\/span><\/span><\/span><\/span><\/strong><span style=\"vertical-align: inherit;\"><strong><span style=\"vertical-align: inherit;\"><span style=\"vertical-align: inherit;\"><span style=\"vertical-align: inherit;\">der Tempel-Asma-Operation <\/span><\/span><\/span><\/strong><strong><span style=\"vertical-align: inherit;\"><span style=\"vertical-align: inherit;\"><span style=\"vertical-align: inherit;\">?<\/span><\/span><\/span><\/strong><\/span><\/h3>\n<ul>\n<li><span style=\"vertical-align: inherit;\"><span style=\"vertical-align: inherit;\"><span style=\"vertical-align: inherit;\"><span style=\"vertical-align: inherit;\">Nach der Operation k\u00f6nnen aufgrund der Operation Schwellungen und Bluterg\u00fcsse um die Augen des Patienten herum auftreten. <\/span><\/span><\/span><span style=\"vertical-align: inherit;\"><span style=\"vertical-align: inherit;\"><span style=\"vertical-align: inherit;\">Diese Schwellungen und Bluterg\u00fcsse nehmen ab und verschwinden einige Tage nach der Operation.<\/span><\/span><\/span><\/span><\/li>\n<li><span style=\"vertical-align: inherit;\"><span style=\"vertical-align: inherit;\"><span style=\"vertical-align: inherit;\"><span style=\"vertical-align: inherit;\">Nach der Operation kann es zu leichten Schmerzen kommen, die mit vom Arzt verordneten Schmerzmitteln gelindert werden k\u00f6nnen.<\/span><\/span><\/span><\/span><\/li>\n<li><span style=\"vertical-align: inherit;\"><span style=\"vertical-align: inherit;\"><span style=\"vertical-align: inherit;\"><span style=\"vertical-align: inherit;\">Die Verb\u00e4nde an Stirn, Schl\u00e4fe und Kopf werden 2-4 Tage nach der Operation entfernt.<\/span><\/span><\/span><\/span><\/li>\n<li><span style=\"vertical-align: inherit;\"><span style=\"vertical-align: inherit;\"><span style=\"vertical-align: inherit;\"><span style=\"vertical-align: inherit;\">Die F\u00e4den werden voraussichtlich eine Woche nach der Operation entfernt.<\/span><\/span><\/span><\/span><\/li>\n<li><span style=\"vertical-align: inherit;\"><span style=\"vertical-align: inherit;\"><span style=\"vertical-align: inherit;\"><span style=\"vertical-align: inherit;\">Zwei Wochen nach der Operation kann der Patient in sein soziales Leben zur\u00fcckkehren, sich schminken und zur Arbeit gehen.<\/span><\/span><\/span><\/span><\/li>\n<li><span style=\"vertical-align: inherit;\"><span style=\"vertical-align: inherit;\"><span style=\"vertical-align: inherit;\"><span style=\"vertical-align: inherit;\">Stirn, Schl\u00e4fen und Kopfbereich sollten vor St\u00f6\u00dfen aller Art gesch\u00fctzt werden.<\/span><\/span><\/span><\/span><\/li>\n<li><span style=\"vertical-align: inherit;\"><span style=\"vertical-align: inherit;\"><span style=\"vertical-align: inherit;\"><span style=\"vertical-align: inherit;\">Nach dem Betrieb sollten Sie sich zwei Monate lang vor der Sonne sch\u00fctzen, beim Aufenthalt in der Sonne eine H\u00fctte tragen und Sonnenschutzmittel verwenden.<\/span><\/span><\/span><\/span><\/li>\n<\/ul>\n<h3><strong><span style=\"vertical-align: inherit;\"><span style=\"vertical-align: inherit;\"><span style=\"vertical-align: inherit;\"><span style=\"vertical-align: inherit;\">Was ist nach<\/span><\/span><\/span><\/span><\/strong><strong><span style=\"vertical-align: inherit;\"><span style=\"vertical-align: inherit;\"><span style=\"vertical-align: inherit;\"> Schlafenaufh\u00e4ngungsoperation <\/span><\/span><\/span><\/strong><strong><span style=\"vertical-align: inherit;\"><span style=\"vertical-align: inherit;\"><span style=\"vertical-align: inherit;\"><span style=\"vertical-align: inherit;\">zu beachten?<\/span><\/span><\/span><\/span><\/strong><\/h3>\n<ul>\n<li><span style=\"vertical-align: inherit;\"><span style=\"vertical-align: inherit;\"><span style=\"vertical-align: inherit;\"><span style=\"vertical-align: inherit;\">Nach dem Schl\u00e4fenaufh\u00e4ngen k\u00f6nnen R\u00f6tungen, Bluterg\u00fcsse, Schwellungen und Druckempfindlichkeit im Stirn- und Schl\u00e4fenbereich auftreten. <\/span><\/span><\/span><span style=\"vertical-align: inherit;\"><span style=\"vertical-align: inherit;\"><span style=\"vertical-align: inherit;\">Diese Effekte sollten nicht beunruhigt sein, da sie innerhalb von 1-2 Tagen von selbst verschwinden.<\/span><\/span><\/span><\/span><\/li>\n<li><span style=\"vertical-align: inherit;\"><span style=\"vertical-align: inherit;\"><span style=\"vertical-align: inherit;\"><span style=\"vertical-align: inherit;\">In den ersten 48 Stunden nach der Anwendung ist darauf zu verzichten, sich zu schminken, keinen Druck auf das Gesicht auszu\u00fcben, nicht zu massieren und vor allem nicht den Stirnbereich zu reiben. <\/span><\/span><\/span><span style=\"vertical-align: inherit;\"><span style=\"vertical-align: inherit;\"><span style=\"vertical-align: inherit;\">Durch harte Bewegungen k\u00f6nnen die im Einsatzbereich verlegten Seile besch\u00e4digt werden.<\/span><\/span><\/span><\/span><\/li>\n<li><span style=\"vertical-align: inherit;\"><span style=\"vertical-align: inherit;\"><span style=\"vertical-align: inherit;\"><span style=\"vertical-align: inherit;\">Pl\u00f6tzliche und harte Augenbrauenbewegungen sollten in den ersten drei Wochen nach der Anwendung vermieden werden.<\/span><\/span><\/span><\/span><\/li>\n<li><span style=\"vertical-align: inherit;\"><span style=\"vertical-align: inherit;\"><span style=\"vertical-align: inherit;\"><span style=\"vertical-align: inherit;\">Nach den Schl\u00e4fensuspensionsanwendungen sollte der Patient etwa eine Woche lang auf dem R\u00fccken mit einem Doppelkissen liegen.<\/span><\/span><\/span><\/span><\/li>\n<li><span style=\"vertical-align: inherit;\"><span style=\"vertical-align: inherit;\"><span style=\"vertical-align: inherit;\"><span style=\"vertical-align: inherit;\">In den ersten drei Wochen nach der Anwendung sollten extrem hei\u00dfe Umgebungen wie Sauna, Spa und t\u00fcrkisches Bad Gemiden sein.<\/span><\/span><\/span><\/span><\/li>\n<li><span style=\"vertical-align: inherit;\"><span style=\"vertical-align: inherit;\"><span style=\"vertical-align: inherit;\"><span style=\"vertical-align: inherit;\">In den ersten drei Tagen nach der Anwendung sollten die Anwendungsstellen nicht mit Wasser in Ber\u00fchrung kommen und nicht geduscht werden.<\/span><\/span><\/span><\/span><\/li>\n<li><span style=\"vertical-align: inherit;\"><span style=\"vertical-align: inherit;\">Etwa einen Monat nach der Anwendung sollte zum Schutz vor den sch\u00e4dlichen Sonnenstrahlen hochwirksame Sonnencreme verwendet werden und man sollte sich m\u00f6glichst nicht in der Sonne aufhalten.<\/span><\/span><\/li>\n<li><span style=\"vertical-align: inherit;\"><span style=\"vertical-align: inherit;\">Produkte, die Parabene und schwere Chemikalien enthalten, sollten nicht im Stirn- und Schl\u00e4fenbereich verwendet werden.<\/span><\/span><\/li>\n<\/ul>\n<h2><strong><span style=\"vertical-align: inherit;\"><span style=\"vertical-align: inherit;\">H\u00e4ufig gestellte Fragen zu <\/span><\/span><\/strong><strong><span style=\"vertical-align: inherit;\">Schl\u00e4fenaufh\u00e4ngungsoperation<\/span><\/strong><\/h2>\n<h3><span style=\"vertical-align: inherit;\"><strong><span style=\"vertical-align: inherit;\">Ist das Ergebnis des Aufh\u00e4ngens eines B\u00fcgels <\/span><\/strong><strong><span style=\"vertical-align: inherit;\">mit <\/span><\/strong><\/span><strong><span style=\"vertical-align: inherit;\"><span style=\"vertical-align: inherit;\">Faden dauerhaft?<\/span><\/span><\/strong><\/h3>\n<p><span style=\"vertical-align: inherit;\"><span style=\"vertical-align: inherit;\">Die Wirkung der Anwendung der Schl\u00e4fensuspension kann je nach Hautdicke und Faltenbildung im Schl\u00e4fenbereich variieren. <\/span><span style=\"vertical-align: inherit;\">Die Persistenz, die normalerweise zwischen sechs Monaten und zwei Jahren anh\u00e4lt, kann bei Menschen mit dicker Haut oder schwerer Hautstruktur geringer sein.<\/span><\/span><\/p>\n<p><span style=\"vertical-align: inherit;\"><span style=\"vertical-align: inherit;\">Die Dauerhaftigkeit der Schl\u00e4fenaufh\u00e4ngung mit endoskopischen Methoden ist im Vergleich zur Schl\u00e4fenaufh\u00e4ngung mit Seil und der Schl\u00e4fenaufh\u00e4ngung mit endoskopischen Methoden l\u00e4nger.<\/span><\/span><\/p>\n<h3><strong><span style=\"vertical-align: inherit;\"><span style=\"vertical-align: inherit;\">Wie dauerhaft ist die Temple Asma-Anwendung?<\/span><\/span><\/strong><\/h3>\n<p><span style=\"vertical-align: inherit;\"><span style=\"vertical-align: inherit;\">Bei der Schl\u00e4fenaufh\u00e4ngung handelt es sich um eine Anwendung, bei der sowohl der Schl\u00e4fenbereich als auch der Stirnbereich angehoben werden. <\/span><span style=\"vertical-align: inherit;\">Die Anwendung zum Aufh\u00e4ngen an den Schl\u00e4fen f\u00fchrt zu einem \u00e4u\u00dferst dauerhaften Ergebnis. <\/span><span style=\"vertical-align: inherit;\">Die Ergebnisse dieser Anwendung halten bis zu 8-10 Jahre an, oft sogar lebenslang.<\/span><\/span><\/p>\n<p><span style=\"vertical-align: inherit;\"><span style=\"vertical-align: inherit;\">Bei endoskopisch durchgef\u00fchrten Schl\u00e4fensuspensionen h\u00e4lt die Dauerhaftigkeit l\u00e4nger als 8\u201310 Jahre an. <\/span><span style=\"vertical-align: inherit;\">Die Dauerhaftigkeit der Ergebnisse h\u00e4ngt ganz von der Hautstruktur und dem Lebensstil des Patienten ab.<\/span><\/span><\/p>\n<h3><span style=\"vertical-align: inherit;\"><strong><span style=\"vertical-align: inherit;\">Wie viele <\/span><\/strong><strong><span style=\"vertical-align: inherit;\">Threads werden verwendet, um das gew\u00fcnschte <\/span><\/strong><strong><span style=\"vertical-align: inherit;\">Bild in der Anwendung <\/span><\/strong><\/span><strong><span style=\"vertical-align: inherit;\"><span style=\"vertical-align: inherit;\">\u201eTemple Hanging\u201c mit <\/span><\/span><\/strong><span style=\"vertical-align: inherit;\"><strong><span style=\"vertical-align: inherit;\">Thread zu erhalten?<\/span><\/strong><\/span><\/h3>\n<p><span style=\"vertical-align: inherit;\"><span style=\"vertical-align: inherit;\">Die Anzahl der F\u00e4den, die bei der Schl\u00e4fenaufh\u00e4ngung verwendet werden, h\u00e4ngt von der Hautbeschaffenheit, dem Alter, dem Raucherkonsum, der Sonneneinstrahlung und dem zu verwendenden Bereich ab. <\/span><span style=\"vertical-align: inherit;\">Da bei der Schl\u00e4fenaufh\u00e4ngung die Augenpartie beansprucht wird, kommen hier 10-15 kurze und gerade Seile zum Einsatz.<\/span><\/span><\/p>\n<p><span style=\"vertical-align: inherit;\"><span style=\"vertical-align: inherit;\"><span style=\"vertical-align: inherit;\"><span style=\"vertical-align: inherit;\">Im Stirnbereich k\u00f6nnen 20-25 F\u00e4den k\u00fcrzerer und mittlerer L\u00e4nge und Dicke verwendet werden. <\/span><\/span><\/span><span style=\"vertical-align: inherit;\"><span style=\"vertical-align: inherit;\"><span style=\"vertical-align: inherit;\">Um das Lifting im Schl\u00e4fen- und Stirnbereich f\u00fcr eine Weile dauerhaft zu machen, werden gezackte F\u00e4den verwendet.<\/span><\/span><\/span><\/span><\/p>\n","protected":false},"excerpt":{"rendered":"<p>Der Grund daf\u00fcr, dass die Person \u00e4lter ist oder \u00e4lter aussieht als sie ist, zeigt sich meist in Falten im Schl\u00e4fen- und Stirnbereich. Falten, die aus verschiedenen Gr\u00fcnden entstehen und sich im Laufe der Zeit an der Stelle festsetzen, an der sie entstehen, werden f\u00fcr viele Menschen zu einem \u00e4sthetischen Problem. Mit dem heutigen Stand [&hellip;]<\/p>\n","protected":false},"author":1,"featured_media":132,"comment_status":"open","ping_status":"open","sticky":false,"template":"","format":"standard","meta":{"footnotes":""},"categories":[7],"tags":[],"class_list":["post-130","post","type-post","status-publish","format-standard","has-post-thumbnail","hentry","category-nicht-chirurgische-hautanwendungen"],"_links":{"self":[{"href":"https:\/\/www.esracelik.com\/de\/wp-json\/wp\/v2\/posts\/130","targetHints":{"allow":["GET"]}}],"collection":[{"href":"https:\/\/www.esracelik.com\/de\/wp-json\/wp\/v2\/posts"}],"about":[{"href":"https:\/\/www.esracelik.com\/de\/wp-json\/wp\/v2\/types\/post"}],"author":[{"embeddable":true,"href":"https:\/\/www.esracelik.com\/de\/wp-json\/wp\/v2\/users\/1"}],"replies":[{"embeddable":true,"href":"https:\/\/www.esracelik.com\/de\/wp-json\/wp\/v2\/comments?post=130"}],"version-history":[{"count":4,"href":"https:\/\/www.esracelik.com\/de\/wp-json\/wp\/v2\/posts\/130\/revisions"}],"predecessor-version":[{"id":780,"href":"https:\/\/www.esracelik.com\/de\/wp-json\/wp\/v2\/posts\/130\/revisions\/780"}],"wp:featuredmedia":[{"embeddable":true,"href":"https:\/\/www.esracelik.com\/de\/wp-json\/wp\/v2\/media\/132"}],"wp:attachment":[{"href":"https:\/\/www.esracelik.com\/de\/wp-json\/wp\/v2\/media?parent=130"}],"wp:term":[{"taxonomy":"category","embeddable":true,"href":"https:\/\/www.esracelik.com\/de\/wp-json\/wp\/v2\/categories?post=130"},{"taxonomy":"post_tag","embeddable":true,"href":"https:\/\/www.esracelik.com\/de\/wp-json\/wp\/v2\/tags?post=130"}],"curies":[{"name":"wp","href":"https:\/\/api.w.org\/{rel}","templated":true}]}}